{"id":9458,"date":"2018-06-18T10:20:30","date_gmt":"2018-06-18T15:20:30","guid":{"rendered":"http:\/\/72.167.124.155\/tilt-uptoday\/?p=9458"},"modified":"2025-10-28T15:20:09","modified_gmt":"2025-10-28T20:20:09","slug":"powers-brown-architecture-promueve-a-lauren-amber-prestenbach-a-directora-de-la-oficina-en-denver","status":"publish","type":"post","link":"https:\/\/tilt-up.org\/tilt-uptoday\/es\/2018\/06\/18\/powers-brown-architecture-promueve-a-lauren-amber-prestenbach-a-directora-de-la-oficina-en-denver\/","title":{"rendered":"Powers Brown Architecture Promueve a Lauren Amber Prestenbach a Directora de la Oficina de Denver"},"content":{"rendered":"<\/div>\n<p><img loading=\"lazy\" decoding=\"async\" class=\"alignleft size-large wp-image-9456\" src=\"http:\/\/tilt-up.org\/tilt-uptoday\/wp-content\/uploads\/2018\/06\/Lauren-Amber-Prestenbach-cropped-1024x840.jpg\" alt=\"\" width=\"680\" height=\"558\" srcset=\"https:\/\/tilt-up.org\/tilt-uptoday\/wp-content\/uploads\/2018\/06\/Lauren-Amber-Prestenbach-cropped-1024x840.jpg 1024w, https:\/\/tilt-up.org\/tilt-uptoday\/wp-content\/uploads\/2018\/06\/Lauren-Amber-Prestenbach-cropped-300x246.jpg 300w, https:\/\/tilt-up.org\/tilt-uptoday\/wp-content\/uploads\/2018\/06\/Lauren-Amber-Prestenbach-cropped-768x630.jpg 768w, https:\/\/tilt-up.org\/tilt-uptoday\/wp-content\/uploads\/2018\/06\/Lauren-Amber-Prestenbach-cropped.jpg 1302w\" sizes=\"auto, (max-width: 680px) 100vw, 680px\" \/><\/p>\n<p>Powers Brown Architecture, una empresa internacional de servicios profesionales que ejerce la arquitectura, dise\u00f1o de interiores, dise\u00f1o de programaci\u00f3n y urbano, ha ascendido a la dise\u00f1adora de interiores certificada Lauren Amber Prestenbach, NCIDQ, LEED AP ID+C, EDAC, IIDA, a directora de la oficina en Denver de la empresa. Anteriormente fungi\u00f3 como directora de interiores en la oficina de Denver de la empresa.<\/p>\n<p>Jeffrey Brown, FAIA, director fundador y CEO dijo: \u201cLauren Amber tiene un conjunto de habilidades absolutamente \u00fanico que proviene de su experiencia en el lado del proveedor\/cliente y sus antecedentes como dise\u00f1adora de interiores, por lo que somos muy afortunados de ofrecer sus servicios a nuestra base de clientes. Su talento en dise\u00f1o ganador de premios se equilibra con su liderazgo profesional como una promotora del registro profesional de su disciplina. Su talento innato, enfoque empresarial y liderazgo profesional se suman para crear un estilo de trabajo centrado en el cliente que asegura que los clientes obtengan el beneficio de tenerla en sus proyectos. Nos sentimos afortunados de obtener el beneficio de tenerla como socia\u201d.<\/p>\n<p>Los proyectos m\u00e1s recientes de Powers Brown Architecture incluyen trabajos de dise\u00f1o interior para Travelers Insurance, la renovaci\u00f3n de Market Center, la renovaci\u00f3n de Highlands Place II, Face It Together, Enterprise Holdings, The Buell Foundation y Frontier Fire.<\/p>\n<p>Lauren Amber, profesional acreditada por LEED y por la Certificaci\u00f3n y Acreditaci\u00f3n en Dise\u00f1o Basado en Evidencia (EDAC), ocupa el cargo de vicepresidenta y directora de promoci\u00f3n de la Asociaci\u00f3n Internacional de Dise\u00f1o de Interiores (IIDA), Cap\u00edtulo de Rocky Mountain, donde promueve la aprobaci\u00f3n de la legislaci\u00f3n para que los profesionales del dise\u00f1o de interiores sean certificados y reconocidos legalmente en Colorado y as\u00ed garantizar sus habilidades y formaci\u00f3n en dise\u00f1o. Tambi\u00e9n est\u00e1 afiliada a la National Association of Industrial Office Properties (Asociaci\u00f3n Nacional de Propiedades de Oficinas Industriales, NAIOP); Mujeres Ejecutivas de Bienes Ra\u00edces Comerciales (CREW), Cap\u00edtulo de Denver, donde es presidenta adjunta y miembro del comit\u00e9 de programas; la Sociedad Estadounidense de Dise\u00f1adores de Interiores (ASID); y el Consejo Nacional para la Certificaci\u00f3n de Dise\u00f1o de Interiores. Lauren Amber, graduada del Art Institute Houston, apoya proyectos filantr\u00f3picos de la comunidad como Family Promise of Greater Denver.<\/p>\n<p>Para m\u00e1s informaci\u00f3n, visite www.powersbrown.com.<\/p>","protected":false},"excerpt":{"rendered":"<div class=\"mh-excerpt\">Powers Brown Architecture, una empresa internacional de servicios profesionales que ejerce la arquitectura, dise\u00f1o de interiores, dise\u00f1o de programaci\u00f3n y urbano, ha ascendido a la dise\u00f1adora de interiores certificada Lauren Amber Prestenbach, NCIDQ, LEED AP <a class=\"mh-excerpt-more\" href=\"https:\/\/tilt-up.org\/tilt-uptoday\/es\/2018\/06\/18\/powers-brown-architecture-promueve-a-lauren-amber-prestenbach-a-directora-de-la-oficina-en-denver\/\" title=\"Powers Brown Architecture Promueve a Lauren Amber Prestenbach a Directora de la Oficina de Denver\"> Leer m\u00e1s\u2026<\/a><\/div>","protected":false},"author":6,"featured_media":9456,"comment_status":"open","ping_status":"open","sticky":false,"template":"","format":"standard","meta":{"footnotes":""},"categories":[267],"tags":[],"class_list":{"0":"post-9458","1":"post","2":"type-post","3":"status-publish","4":"format-standard","5":"has-post-thumbnail","7":"category-en-espanol"},"_links":{"self":[{"href":"https:\/\/tilt-up.org\/tilt-uptoday\/es\/wp-json\/wp\/v2\/posts\/9458","targetHints":{"allow":["GET"]}}],"collection":[{"href":"https:\/\/tilt-up.org\/tilt-uptoday\/es\/wp-json\/wp\/v2\/posts"}],"about":[{"href":"https:\/\/tilt-up.org\/tilt-uptoday\/es\/wp-json\/wp\/v2\/types\/post"}],"author":[{"embeddable":true,"href":"https:\/\/tilt-up.org\/tilt-uptoday\/es\/wp-json\/wp\/v2\/users\/6"}],"replies":[{"embeddable":true,"href":"https:\/\/tilt-up.org\/tilt-uptoday\/es\/wp-json\/wp\/v2\/comments?post=9458"}],"version-history":[{"count":5,"href":"https:\/\/tilt-up.org\/tilt-uptoday\/es\/wp-json\/wp\/v2\/posts\/9458\/revisions"}],"predecessor-version":[{"id":19263,"href":"https:\/\/tilt-up.org\/tilt-uptoday\/es\/wp-json\/wp\/v2\/posts\/9458\/revisions\/19263"}],"wp:featuredmedia":[{"embeddable":true,"href":"https:\/\/tilt-up.org\/tilt-uptoday\/es\/wp-json\/wp\/v2\/media\/9456"}],"wp:attachment":[{"href":"https:\/\/tilt-up.org\/tilt-uptoday\/es\/wp-json\/wp\/v2\/media?parent=9458"}],"wp:term":[{"taxonomy":"category","embeddable":true,"href":"https:\/\/tilt-up.org\/tilt-uptoday\/es\/wp-json\/wp\/v2\/categories?post=9458"},{"taxonomy":"post_tag","embeddable":true,"href":"https:\/\/tilt-up.org\/tilt-uptoday\/es\/wp-json\/wp\/v2\/tags?post=9458"}],"curies":[{"name":"la hora de","href":"https:\/\/api.w.org\/{rel}","templated":true}]}}