{"id":9152,"date":"2018-04-11T12:52:28","date_gmt":"2018-04-11T17:52:28","guid":{"rendered":"http:\/\/72.167.124.155\/tilt-uptoday\/?p=9152"},"modified":"2025-06-02T10:13:37","modified_gmt":"2025-06-02T15:13:37","slug":"jeffrey-brown-faia-es-nombrado-ceo-de-powers-brown-architecture","status":"publish","type":"post","link":"https:\/\/tilt-up.org\/tilt-uptoday\/es\/2018\/04\/11\/jeffrey-brown-faia-es-nombrado-ceo-de-powers-brown-architecture\/","title":{"rendered":"Jeffrey Brown, faia, es nombrado director ejecutivo de Powers Brown Architecture"},"content":{"rendered":"<div style=\"border: 1px solid #dddddd; padding: 0.5em; background-color: #f5f5f5; width: 666px;\">\n<p style=\"text-align: center; color: #808285;\"><a href=\"http:\/\/tilt-up.org\/tilt-uptoday\/es\/2018\/04\/11\/jeffrey-brown-faia-named-ceo-of-powers-brown-architecture-2\/\"><strong>Ingl\u00e9s<\/strong><\/a> | Traducci\u00f3n patrocinada por <a href=\"http:\/\/www.nox-crete.com\" target=\"_blank\" rel=\"noopener noreferrer\">Grupo de productos Nox-Crete<\/a><\/p>\n<\/div>\n<p><img loading=\"lazy\" decoding=\"async\" src=\"http:\/\/tilt-up.org\/tilt-uptoday\/wp-content\/uploads\/2018\/04\/PowersBrown-Logo-R-290x290.jpg\" alt=\"\" width=\"290\" height=\"290\" class=\"alignleft size-thumbnail wp-image-9201\" srcset=\"https:\/\/tilt-up.org\/tilt-uptoday\/wp-content\/uploads\/2018\/04\/PowersBrown-Logo-R-290x290.jpg 290w, https:\/\/tilt-up.org\/tilt-uptoday\/wp-content\/uploads\/2018\/04\/PowersBrown-Logo-R-300x300.jpg 300w, https:\/\/tilt-up.org\/tilt-uptoday\/wp-content\/uploads\/2018\/04\/PowersBrown-Logo-R.jpg 569w\" sizes=\"auto, (max-width: 290px) 100vw, 290px\" \/><\/p>\n<p>Powers Brown Architecture anuncia el nombramiento del socio fundador Jeffrey Brown, FAIA como CEO. Brown supervisar\u00e1 los recursos, el desarrollo y la administraci\u00f3n de la pr\u00e1ctica internacional de la firma, incluyendo el establecimiento de futuras ubicaciones y el crecimiento en los mercados existentes. Esto incluye las oficinas ubicadas en Denver y Washington, D.C., que fueron establecidas en los \u00faltimos cinco a diez a\u00f1os. Recientemente, en 2015, la firma estableci\u00f3 sus oficinas en Canad\u00e1 y Brown supervisar\u00e1 su consolidaci\u00f3n en Toronto. Mantendr\u00e1 su rol de Director Creativo de la firma.<\/p>\n<p>Brown ha estado ejerciendo como arquitecto durante m\u00e1s de 25 a\u00f1os y posee una vasta experiencia al haber trabajado en m\u00faltiples tipos de edificios tanto para entidades p\u00fablicas como privadas; es un dise\u00f1ador consumado con habilidades \u00fanicas de comunicaci\u00f3n gr\u00e1fica y planificaci\u00f3n estrat\u00e9gica.<\/p>\n<p>Brown ha sido una pieza clave para que la empresa obtuviera numerosos premios, entre ellos una menci\u00f3n en la Annual Design Review (Revisi\u00f3n de Dise\u00f1o Anual) de 2012 de la revista Architect y el reconocimiento por parte de la Tilt-Up Concrete Association como ganador del Premio al Arquitecto Distinguido Irving Gill en 2008 y 2014, debido a su contribuci\u00f3n y la de la empresa al dise\u00f1o y avance en la construcci\u00f3n de muros prefabricados en sitio (tilt-up).<\/p>\n<p>Ha recibido premios adicionales por parte de la Texas Society of Architects, American Institute of Architects Houston, AIA|DC, Premios de Excelencia en Dise\u00f1o y del Urban Land Institute. El trabajo de la empresa ha sido mencionado ampliamente en revistas y libros, incluyendo el m\u00e1s reciente de Brown, Tiltwallism: A Treatise on the Architectural Potential of Tilt Wall Construction (Tiltwallism: un tratado sobre el potencial arquitect\u00f3nico de la construcci\u00f3n de muros inclinados).<\/p>\n<p>En 2016, Brown ascendi\u00f3 a la Junta de Asesores del Instituto Americano de Arquitectos. El programa de asesores fue desarrollado para destacar a aquellos arquitectos que han hecho contribuciones significativas a la arquitectura y a la sociedad, y que han logrado alcanzar un est\u00e1ndar de excelencia en la profesi\u00f3n. La elecci\u00f3n para ser asesor no solo es un reconocimiento a los logros de los arquitectos como personas, sino tambi\u00e9n por su contribuci\u00f3n significativa a la arquitectura y a la sociedad a nivel nacional.<\/p>\n<p>Powers Brown Architecture fue fundada en septiembre de 1999 por Brown y Joe Powers, AIA, quienes deseaban aplicar el conocimiento colectivo que hab\u00edan acumulado trabajando para otras empresas durante d\u00e9cadas para crear una firma de arquitectura del siglo XXI centrada en crecer y adaptarse a las fuerzas del mercado, al mismo tiempo que segu\u00edan ofreciendo un dise\u00f1o de alta calidad y un incre\u00edble soporte al cliente.<\/p>\n<p>Para obtener m\u00e1s informaci\u00f3n sobre Powers Brown Architecture, visite <a href=\"http:\/\/www.powersbrown.com\" target=\"_blank\" rel=\"noopener\">www.powersbrown.com<\/a>.<\/p>","protected":false},"excerpt":{"rendered":"<div class=\"mh-excerpt\">English | Translation Sponsored by Nox-Crete Products Group Powers Brown Architecture anuncia el nombramiento del socio fundador Jeffrey Brown, FAIA como Director Ejecutivo (CEO). Brown supervisar\u00e1 los recursos, el desarrollo y la administraci\u00f3n de la firma. <a class=\"mh-excerpt-more\" href=\"https:\/\/tilt-up.org\/tilt-uptoday\/es\/2018\/04\/11\/jeffrey-brown-faia-es-nombrado-ceo-de-powers-brown-architecture\/\" title=\"Jeffrey Brown, faia, es nombrado director ejecutivo de Powers Brown Architecture\"> Leer m\u00e1s\u2026<\/a><\/div>","protected":false},"author":6,"featured_media":8789,"comment_status":"open","ping_status":"open","sticky":false,"template":"","format":"standard","meta":{"footnotes":""},"categories":[267],"tags":[],"class_list":{"0":"post-9152","1":"post","2":"type-post","3":"status-publish","4":"format-standard","5":"has-post-thumbnail","7":"category-en-espanol"},"_links":{"self":[{"href":"https:\/\/tilt-up.org\/tilt-uptoday\/es\/wp-json\/wp\/v2\/posts\/9152","targetHints":{"allow":["GET"]}}],"collection":[{"href":"https:\/\/tilt-up.org\/tilt-uptoday\/es\/wp-json\/wp\/v2\/posts"}],"about":[{"href":"https:\/\/tilt-up.org\/tilt-uptoday\/es\/wp-json\/wp\/v2\/types\/post"}],"author":[{"embeddable":true,"href":"https:\/\/tilt-up.org\/tilt-uptoday\/es\/wp-json\/wp\/v2\/users\/6"}],"replies":[{"embeddable":true,"href":"https:\/\/tilt-up.org\/tilt-uptoday\/es\/wp-json\/wp\/v2\/comments?post=9152"}],"version-history":[{"count":6,"href":"https:\/\/tilt-up.org\/tilt-uptoday\/es\/wp-json\/wp\/v2\/posts\/9152\/revisions"}],"predecessor-version":[{"id":9204,"href":"https:\/\/tilt-up.org\/tilt-uptoday\/es\/wp-json\/wp\/v2\/posts\/9152\/revisions\/9204"}],"wp:featuredmedia":[{"embeddable":true,"href":"https:\/\/tilt-up.org\/tilt-uptoday\/es\/wp-json\/wp\/v2\/media\/8789"}],"wp:attachment":[{"href":"https:\/\/tilt-up.org\/tilt-uptoday\/es\/wp-json\/wp\/v2\/media?parent=9152"}],"wp:term":[{"taxonomy":"category","embeddable":true,"href":"https:\/\/tilt-up.org\/tilt-uptoday\/es\/wp-json\/wp\/v2\/categories?post=9152"},{"taxonomy":"post_tag","embeddable":true,"href":"https:\/\/tilt-up.org\/tilt-uptoday\/es\/wp-json\/wp\/v2\/tags?post=9152"}],"curies":[{"name":"la hora de","href":"https:\/\/api.w.org\/{rel}","templated":true}]}}