{"id":9145,"date":"2018-04-11T12:52:52","date_gmt":"2018-04-11T17:52:52","guid":{"rendered":"http:\/\/72.167.124.155\/tilt-uptoday\/?p=9145"},"modified":"2025-10-28T16:02:09","modified_gmt":"2025-10-28T21:02:09","slug":"jeffrey-brown-faia-named-ceo-of-powers-brown-architecture-2","status":"publish","type":"post","link":"https:\/\/tilt-up.org\/tilt-uptoday\/es\/2018\/04\/11\/jeffrey-brown-faia-named-ceo-of-powers-brown-architecture-2\/","title":{"rendered":"Jeffrey Brown, FAIA, nombrado director ejecutivo de Powers Brown Architecture"},"content":{"rendered":"<p><img loading=\"lazy\" decoding=\"async\" src=\"http:\/\/tilt-up.org\/tilt-uptoday\/wp-content\/uploads\/2018\/04\/PowersBrown-Logo-R-290x290.jpg\" alt=\"\" width=\"290\" height=\"290\" class=\"alignleft size-thumbnail wp-image-9201\" srcset=\"https:\/\/tilt-up.org\/tilt-uptoday\/wp-content\/uploads\/2018\/04\/PowersBrown-Logo-R-290x290.jpg 290w, https:\/\/tilt-up.org\/tilt-uptoday\/wp-content\/uploads\/2018\/04\/PowersBrown-Logo-R-300x300.jpg 300w, https:\/\/tilt-up.org\/tilt-uptoday\/wp-content\/uploads\/2018\/04\/PowersBrown-Logo-R.jpg 569w\" sizes=\"auto, (max-width: 290px) 100vw, 290px\" \/><\/p>\n<p>\/&gt;Powers Brown Architecture anuncia el nombramiento del director fundador Jeffrey Brown, FAIA, al puesto de CEO. Brown supervisar\u00e1 los recursos, el desarrollo y la gesti\u00f3n de la pr\u00e1ctica internacional de la empresa, incluyendo el establecimiento de futuras ubicaciones y el crecimiento en mercados existentes. Estos incluyen las oficinas de Denver y Washington, D.C. establecidas en los \u00faltimos cinco a diez a\u00f1os. M\u00e1s recientemente, en 2015, la firma estableci\u00f3 oficinas en Canad\u00e1, y Brown supervisar\u00e1 su consolidaci\u00f3n en Toronto. Mantendr\u00e1 su rol como Director Creativo de la firma.<\/p>\n<p>Brown ha practicado la arquitectura por m\u00e1s de 25 a\u00f1os y tiene una gran experiencia trabajando en m\u00faltiples tipos de edificios para entidades p\u00fablicas y privadas; es un dise\u00f1ador consumado con habilidades \u00fanicas de comunicaci\u00f3n gr\u00e1fica y planificaci\u00f3n estrat\u00e9gica.<\/p>\n<p>Brown ha sido fundamental para que la firma reciba numerosos premios, incluida una Menci\u00f3n en la Revisi\u00f3n Anual de Dise\u00f1o de 2012 de la revista Architect y el reconocimiento de la Tilt-Up Concrete Association como destinataria en 2008 y 2014 del Premio Irving Gill a la Arquitectura Distinguida por la contribuci\u00f3n de la firma y suya al dise\u00f1o y avance de la construcci\u00f3n con muros prefabricados.<\/p>\n<p>Se han sumado m\u00e1s reconocimientos de la Sociedad de Arquitectos de Texas, el Instituto Americano de Arquitectos de Houston, AIA|DC, los Design Excellence Awards y el Urban Land Institute. El trabajo de la firma ha sido ampliamente cubierto en revistas y libros, incluyendo el \u00faltimo de Brown, Tiltwallism: A Treatise on the Architectural Potential of Tilt Wall Construction.<\/p>\n<p>En 2016, Brown fue elevado al Colegio de Miembros del Instituto Americano de Arquitectos. Este programa de becas fue desarrollado para distinguir a aquellos arquitectos que han hecho una contribuci\u00f3n significativa a la arquitectura y la sociedad, y que han alcanzado un est\u00e1ndar de excelencia en la profesi\u00f3n. La elecci\u00f3n como miembro no solo reconoce los logros de los arquitectos como individuos, sino tambi\u00e9n su significativa contribuci\u00f3n a la arquitectura y la sociedad a nivel nacional.<\/p>\n<p>Powers Brown Architecture fue fundada en septiembre de 1999 por Brown y Joe Powers, AIA, quienes deseaban aplicar sus conocimientos colectivos, acumulados durante d\u00e9cadas de trabajo para otras firmas, para crear una firma de arquitectura del siglo XXI enfocada en crecer y adaptarse a las fuerzas del mercado, al mismo tiempo que brindaba un dise\u00f1o de alta calidad y un soporte excepcional al cliente.<\/p>\n<p>Para obtener m\u00e1s informaci\u00f3n sobre Powers Brown Architecture, visite <a href=\"http:\/\/www.powersbrown.com\" target=\"_blank\" rel=\"noopener\">www.powersbrown.com<\/a>.<\/p>","protected":false},"excerpt":{"rendered":"<div class=\"mh-excerpt\">\/&gt;Powers Brown Architecture anuncia el nombramiento del director fundador Jeffrey Brown, FAIA, al puesto de CEO. Brown supervisar\u00e1 los recursos, el desarrollo y la gesti\u00f3n de la pr\u00e1ctica internacional de la empresa, incluido el establecimiento de futuras ubicaciones. <a class=\"mh-excerpt-more\" href=\"https:\/\/tilt-up.org\/tilt-uptoday\/es\/2018\/04\/11\/jeffrey-brown-faia-named-ceo-of-powers-brown-architecture-2\/\" title=\"Jeffrey Brown, FAIA, nombrado director ejecutivo de Powers Brown Architecture\"> Leer m\u00e1s\u2026<\/a><\/div>","protected":false},"author":6,"featured_media":8789,"comment_status":"open","ping_status":"open","sticky":false,"template":"","format":"standard","meta":{"footnotes":""},"categories":[14],"tags":[],"class_list":{"0":"post-9145","1":"post","2":"type-post","3":"status-publish","4":"format-standard","5":"has-post-thumbnail","7":"category-member_news"},"_links":{"self":[{"href":"https:\/\/tilt-up.org\/tilt-uptoday\/es\/wp-json\/wp\/v2\/posts\/9145","targetHints":{"allow":["GET"]}}],"collection":[{"href":"https:\/\/tilt-up.org\/tilt-uptoday\/es\/wp-json\/wp\/v2\/posts"}],"about":[{"href":"https:\/\/tilt-up.org\/tilt-uptoday\/es\/wp-json\/wp\/v2\/types\/post"}],"author":[{"embeddable":true,"href":"https:\/\/tilt-up.org\/tilt-uptoday\/es\/wp-json\/wp\/v2\/users\/6"}],"replies":[{"embeddable":true,"href":"https:\/\/tilt-up.org\/tilt-uptoday\/es\/wp-json\/wp\/v2\/comments?post=9145"}],"version-history":[{"count":9,"href":"https:\/\/tilt-up.org\/tilt-uptoday\/es\/wp-json\/wp\/v2\/posts\/9145\/revisions"}],"predecessor-version":[{"id":19281,"href":"https:\/\/tilt-up.org\/tilt-uptoday\/es\/wp-json\/wp\/v2\/posts\/9145\/revisions\/19281"}],"wp:featuredmedia":[{"embeddable":true,"href":"https:\/\/tilt-up.org\/tilt-uptoday\/es\/wp-json\/wp\/v2\/media\/8789"}],"wp:attachment":[{"href":"https:\/\/tilt-up.org\/tilt-uptoday\/es\/wp-json\/wp\/v2\/media?parent=9145"}],"wp:term":[{"taxonomy":"category","embeddable":true,"href":"https:\/\/tilt-up.org\/tilt-uptoday\/es\/wp-json\/wp\/v2\/categories?post=9145"},{"taxonomy":"post_tag","embeddable":true,"href":"https:\/\/tilt-up.org\/tilt-uptoday\/es\/wp-json\/wp\/v2\/tags?post=9145"}],"curies":[{"name":"la hora de","href":"https:\/\/api.w.org\/{rel}","templated":true}]}}