{"id":8800,"date":"2018-01-09T11:54:48","date_gmt":"2018-01-09T16:54:48","guid":{"rendered":"http:\/\/72.167.124.155\/tilt-uptoday\/?p=8800"},"modified":"2025-06-02T09:41:21","modified_gmt":"2025-06-02T14:41:21","slug":"powers-brown-architecture-anuncia-una-expansion-internacional-la-empresa-abre-oficinas-centrales-de-canada-en-toronto","status":"publish","type":"post","link":"https:\/\/tilt-up.org\/tilt-uptoday\/es\/2018\/01\/09\/powers-brown-architecture-anuncia-una-expansion-internacional-la-empresa-abre-oficinas-centrales-de-canada-en-toronto\/","title":{"rendered":"POWERS BROWN ARCHITECTURE ANUNCIA SU EXPANSI\u00d3N INTERNACIONAL: LA EMPRESA INAUGURA SU SEDE CENTRAL EN CANAD\u00c1, EN TORONTO"},"content":{"rendered":"<div style=\"border: 1px solid #dddddd; padding: 0.5em; background-color: #f5f5f5; width: 666px;\">\n<p style=\"text-align: center; color: #808285;\"><a href=\"http:\/\/tilt-up.org\/tilt-uptoday\/es\/2018\/01\/09\/powers-brown-architecture-announces-international-expansion-firm-opens-canada-headquarters-in-toronto\/\"><strong>Ingl\u00e9s<\/strong><\/a> | Traducci\u00f3n patrocinada por <a href=\"http:\/\/www.nox-crete.com\" target=\"_blank\" rel=\"noopener noreferrer\">Grupo de productos Nox-Crete<\/a><\/p>\n<\/div>\n<p><img loading=\"lazy\" decoding=\"async\" class=\"alignleft size-thumbnail wp-image-8789\" src=\"http:\/\/tilt-up.org\/tilt-uptoday\/wp-content\/uploads\/2018\/01\/PowersBrown-Logo-R-290x290.jpg\" alt=\"\" width=\"190\" height=\"190\" srcset=\"https:\/\/tilt-up.org\/tilt-uptoday\/wp-content\/uploads\/2018\/01\/PowersBrown-Logo-R-290x290.jpg 290w, https:\/\/tilt-up.org\/tilt-uptoday\/wp-content\/uploads\/2018\/01\/PowersBrown-Logo-R-300x300.jpg 300w, https:\/\/tilt-up.org\/tilt-uptoday\/wp-content\/uploads\/2018\/01\/PowersBrown-Logo-R.jpg 569w\" sizes=\"auto, (max-width: 190px) 100vw, 190px\" \/><\/p>\n<p><strong>Powers Brown Architecture<\/strong> Anuncia la apertura de la sede canadiense de la empresa en Toronto, que brinda servicios de arquitectura, dise\u00f1o de interiores y dise\u00f1o urbano a Ontario y las provincias circundantes. Para ampliar las exitosas operaciones canadienses de la empresa, esto eleva el n\u00famero total de oficinas de la empresa a cinco, incluida la oficina de hace dos a\u00f1os en la regi\u00f3n del Atl\u00e1ntico de Canad\u00e1, la primera oficina internacional de la empresa, junto con sus oficinas en Houston, Washington D.C. y Denver.<\/p>\n<p>Angelo Jr. Rapanos, OAA, AIBC, AAA, MRAIC, actuar\u00e1 como Director General de todas las operaciones canadienses. Rapanos obtuvo su maestr\u00eda en la University of Calgary, Alberta, despu\u00e9s de graduarse del Royal St. George's College en Toronto. Ha estado ejerciendo durante los \u00faltimos 10 a\u00f1os en Ontario, y adem\u00e1s tiene experiencia en los mercados de Vancouver y Calgary. Su amplia experiencia ha incluido trabajos en Arthur Erickson y como L\u00edder Regional del Oeste de Canad\u00e1 para HOK.<\/p>\n<p>\u201cHe visto varias empresas norteamericanas venir a Ontario en los \u00faltimos a\u00f1os, pero ninguna se adapta culturalmente al mercado como Powers Brown Architecture. Creo que el enfoque de la empresa ser\u00e1 bien recibido por la base de clientes aqu\u00ed. Adem\u00e1s, han estado trabajando en Canad\u00e1, as\u00ed que tenemos un buen comienzo\u201d, dijo Rapanos. \u201cEstoy emocionado de estar abriendo el camino\u201d.<\/p>\n<p>Rapanos ampliar\u00e1 el exitoso esfuerzo de la oficina de la Zona Atl\u00e1ntica de Canad\u00e1, dirigida por el director Bruce Walck, AIA, OAA, NLAA, MRAIC. La oficina de la Zona Atl\u00e1ntica de Canad\u00e1, ubicada en St. John\u2019s, dise\u00f1\u00f3 y supervisar\u00e1 la construcci\u00f3n del primer edificio de cuatro pisos Value Office\u2122 en Canad\u00e1 y fue el Arquitecto de Dise\u00f1o del primer almac\u00e9n con cero emisiones de carbono del pa\u00eds en Nueva Escocia. Otros proyectos notables incluyen una renovaci\u00f3n del ayuntamiento para la Ciudad de Torbay, la oficina de Nexen Energy en St. John\u2019s, la expansi\u00f3n de la oficina interior de Verafin, la oficina en St. John de Freedom 55 Financials, una nueva instalaci\u00f3n para residencias de ancianos y nuevas instalaciones de apartamentos.<\/p>\n<p>\u201cEl enfoque de Powers Brown Architecture en nuestro trabajo y clientes es un sistema cultural en el cual creemos y tambi\u00e9n en el que Angelo cree. Sabemos que tendremos mejor \u00e9xito creando nuestra oficina de Toronto en ese sistema en vez de tener que adquirir una empresa y trabajar para integrar las culturas,\u201d coment\u00f3 Jeffrey Brown, FAIA, OAA, NLAA, socio fundador. \u201cMuchos de los desarrolladores con los que actualmente hacemos negocios en nuestras oficinas de Estados Unidos, hacen negocios en Canad\u00e1 tambi\u00e9n y con el \u00e9xito de nuestra oficina de la zona del Atl\u00e1ntico de Canad\u00e1, determinamos que era el momento para expandirnos a Toronto con planes para una mayor expansi\u00f3n a mercados canadienses adicionales\u201d.<\/p>\n<p>Para obtener m\u00e1s informaci\u00f3n sobre Powers Brown Architecture, visite <a href=\"http:\/\/www.powersbrown.com\" target=\"_blank\" rel=\"noopener\">www.powersbrown.com<\/a>.<\/p>","protected":false},"excerpt":{"rendered":"<div class=\"mh-excerpt\">Powers Brown Architecture anuncia la apertura de sus oficinas centrales canadienses en Toronto, las cuales ofrecer\u00e1n servicios de arquitectura, dise\u00f1o de interiores y dise\u00f1o urbano. <a class=\"mh-excerpt-more\" href=\"https:\/\/tilt-up.org\/tilt-uptoday\/es\/2018\/01\/09\/powers-brown-architecture-anuncia-una-expansion-internacional-la-empresa-abre-oficinas-centrales-de-canada-en-toronto\/\" title=\"POWERS BROWN ARCHITECTURE ANUNCIA UNA EXPANSION INTERNACIONAL \u2013 LA EMPRESA ABRE OFICINAS CENTRALES DE CANAD\u00c1 EN TORONTO\"> Leer m\u00e1s\u2026<\/a><\/div>","protected":false},"author":6,"featured_media":8789,"comment_status":"open","ping_status":"open","sticky":false,"template":"","format":"standard","meta":{"footnotes":""},"categories":[267],"tags":[],"class_list":{"0":"post-8800","1":"post","2":"type-post","3":"status-publish","4":"format-standard","5":"has-post-thumbnail","7":"category-en-espanol"},"_links":{"self":[{"href":"https:\/\/tilt-up.org\/tilt-uptoday\/es\/wp-json\/wp\/v2\/posts\/8800","targetHints":{"allow":["GET"]}}],"collection":[{"href":"https:\/\/tilt-up.org\/tilt-uptoday\/es\/wp-json\/wp\/v2\/posts"}],"about":[{"href":"https:\/\/tilt-up.org\/tilt-uptoday\/es\/wp-json\/wp\/v2\/types\/post"}],"author":[{"embeddable":true,"href":"https:\/\/tilt-up.org\/tilt-uptoday\/es\/wp-json\/wp\/v2\/users\/6"}],"replies":[{"embeddable":true,"href":"https:\/\/tilt-up.org\/tilt-uptoday\/es\/wp-json\/wp\/v2\/comments?post=8800"}],"version-history":[{"count":8,"href":"https:\/\/tilt-up.org\/tilt-uptoday\/es\/wp-json\/wp\/v2\/posts\/8800\/revisions"}],"predecessor-version":[{"id":8808,"href":"https:\/\/tilt-up.org\/tilt-uptoday\/es\/wp-json\/wp\/v2\/posts\/8800\/revisions\/8808"}],"wp:featuredmedia":[{"embeddable":true,"href":"https:\/\/tilt-up.org\/tilt-uptoday\/es\/wp-json\/wp\/v2\/media\/8789"}],"wp:attachment":[{"href":"https:\/\/tilt-up.org\/tilt-uptoday\/es\/wp-json\/wp\/v2\/media?parent=8800"}],"wp:term":[{"taxonomy":"category","embeddable":true,"href":"https:\/\/tilt-up.org\/tilt-uptoday\/es\/wp-json\/wp\/v2\/categories?post=8800"},{"taxonomy":"post_tag","embeddable":true,"href":"https:\/\/tilt-up.org\/tilt-uptoday\/es\/wp-json\/wp\/v2\/tags?post=8800"}],"curies":[{"name":"la hora de","href":"https:\/\/api.w.org\/{rel}","templated":true}]}}