{"id":8356,"date":"2017-06-14T16:03:43","date_gmt":"2017-06-14T21:03:43","guid":{"rendered":"http:\/\/72.167.124.155\/tilt-uptoday\/?p=8356"},"modified":"2017-06-14T16:03:43","modified_gmt":"2017-06-14T21:03:43","slug":"remembering-bob-truitt-ftca","status":"publish","type":"post","link":"https:\/\/tilt-up.org\/tilt-uptoday\/es\/2017\/06\/14\/remembering-bob-truitt-ftca\/","title":{"rendered":"Recordando a Bob Truitt, FTCA"},"content":{"rendered":"<p><img loading=\"lazy\" decoding=\"async\" class=\"aligncenter size-full wp-image-8251\" src=\"http:\/\/tilt-up.org\/tilt-uptoday\/wp-content\/uploads\/2017\/06\/Truitt-Award.jpg\" width=\"680\" height=\"380\" \/><\/p>\n<p>La Tilt-Up Concrete Association (TCA) recibi\u00f3 hoy la noticia de que Bob Truitt, FTCA, ha fallecido. Bob fue el galardonado de 2000 con el <a href=\"https:\/\/tilt-up.org\/tilt-uptoday\/es\/awards\/professional\/courtois.php\/\">Premio en memoria de Peter Courtois<\/a> y fue miembro del Consejo de Administraci\u00f3n de la TCA durante muchos a\u00f1os. Recientemente fue incluido en la asociaci\u00f3n <a href=\"https:\/\/tilt-up.org\/tilt-uptoday\/es\/awards\/fellows\/\">clase inaugural de becarios<\/a>.<\/p>\n<p>Bob estableci\u00f3 un ritmo de participaci\u00f3n en la TCA que desaf\u00eda a muchos hasta el d\u00eda de hoy. Viv\u00eda para el tilt-up [construcci\u00f3n con paneles de concreto prefabricados] y era una presencia s\u00f3lida en los sitios de construcci\u00f3n para ofrecer consejos, an\u00e1lisis, capacitaci\u00f3n y soporte t\u00e9cnico. Su minuciosa documentaci\u00f3n y experiencia en encuentros ayudaron a educar a los contratistas de tilt-up durante d\u00e9cadas. Bob sirvi\u00f3 diecinueve a\u00f1os consecutivos como miembro de la junta de la TCA y como secretario durante todo ese tiempo. Sus actas documentan la asociaci\u00f3n durante un per\u00edodo importante de maduraci\u00f3n y crecimiento, y su participaci\u00f3n como una voz t\u00e9cnica l\u00edder y defensora fortaleci\u00f3 los servicios que la TCA pod\u00eda ofrecer a su creciente red de miembros.<\/p>\n<p>La TCA agradece haber tenido una relaci\u00f3n con Bob y desea paz a sus amigos y familiares durante este momento de p\u00e9rdida.<\/p>\n<p>Por favor, consulte m\u00e1s adelante para ver los detalles sobre el servicio conmemorativo de Bob. Los pondremos a su disposici\u00f3n a medida que los recibamos.<\/p>","protected":false},"excerpt":{"rendered":"<div class=\"mh-excerpt\">La Tilt-Up Concrete Association (TCA) recibi\u00f3 hoy la noticia del fallecimiento de Bob Truitt, FTCA. Bob fue el destinatario en 2000 del Peter Courtois Memorial Award y form\u00f3 parte de la Junta Directiva de la TCA durante <a class=\"mh-excerpt-more\" href=\"https:\/\/tilt-up.org\/tilt-uptoday\/es\/2017\/06\/14\/remembering-bob-truitt-ftca\/\" title=\"Recordando a Bob Truitt, FTCA\"> Leer m\u00e1s\u2026<\/a><\/div>","protected":false},"author":3,"featured_media":8358,"comment_status":"open","ping_status":"open","sticky":false,"template":"","format":"standard","meta":{"footnotes":""},"categories":[6,14],"tags":[],"class_list":{"0":"post-8356","1":"post","2":"type-post","3":"status-publish","4":"format-standard","5":"has-post-thumbnail","7":"category-industry","8":"category-member_news"},"_links":{"self":[{"href":"https:\/\/tilt-up.org\/tilt-uptoday\/es\/wp-json\/wp\/v2\/posts\/8356","targetHints":{"allow":["GET"]}}],"collection":[{"href":"https:\/\/tilt-up.org\/tilt-uptoday\/es\/wp-json\/wp\/v2\/posts"}],"about":[{"href":"https:\/\/tilt-up.org\/tilt-uptoday\/es\/wp-json\/wp\/v2\/types\/post"}],"author":[{"embeddable":true,"href":"https:\/\/tilt-up.org\/tilt-uptoday\/es\/wp-json\/wp\/v2\/users\/3"}],"replies":[{"embeddable":true,"href":"https:\/\/tilt-up.org\/tilt-uptoday\/es\/wp-json\/wp\/v2\/comments?post=8356"}],"version-history":[{"count":2,"href":"https:\/\/tilt-up.org\/tilt-uptoday\/es\/wp-json\/wp\/v2\/posts\/8356\/revisions"}],"predecessor-version":[{"id":8359,"href":"https:\/\/tilt-up.org\/tilt-uptoday\/es\/wp-json\/wp\/v2\/posts\/8356\/revisions\/8359"}],"wp:featuredmedia":[{"embeddable":true,"href":"https:\/\/tilt-up.org\/tilt-uptoday\/es\/wp-json\/wp\/v2\/media\/8358"}],"wp:attachment":[{"href":"https:\/\/tilt-up.org\/tilt-uptoday\/es\/wp-json\/wp\/v2\/media?parent=8356"}],"wp:term":[{"taxonomy":"category","embeddable":true,"href":"https:\/\/tilt-up.org\/tilt-uptoday\/es\/wp-json\/wp\/v2\/categories?post=8356"},{"taxonomy":"post_tag","embeddable":true,"href":"https:\/\/tilt-up.org\/tilt-uptoday\/es\/wp-json\/wp\/v2\/tags?post=8356"}],"curies":[{"name":"la hora de","href":"https:\/\/api.w.org\/{rel}","templated":true}]}}