{"id":7755,"date":"2015-08-21T14:43:21","date_gmt":"2015-08-21T19:43:21","guid":{"rendered":"http:\/\/72.167.124.155\/tilt-uptoday\/?p=7755"},"modified":"2025-05-30T10:45:00","modified_gmt":"2025-05-30T15:45:00","slug":"thermomass-names-brad-nesset-president","status":"publish","type":"post","link":"https:\/\/tilt-up.org\/tilt-uptoday\/es\/2015\/08\/21\/thermomass-names-brad-nesset-president\/","title":{"rendered":"Thermomass nombra a Brad Nesset presidente"},"content":{"rendered":"<p><img decoding=\"async\" style=\"width: 680px; height: 150px;\" src=\"http:\/\/tilt-up.org\/tilt-uptoday\/wp-content\/uploads\/2015\/08\/Thermomass.jpg\" alt=\"thermomass\" \/><\/p>\n<p><a href=\"http:\/\/www.thermomass.com\" target=\"_blank\" rel=\"noopener\">Thermomass<\/a><a href=\"http:\/\/www.thermomass.com\" target=\"_blank\" rel=\"noopener\"><img loading=\"lazy\" decoding=\"async\" class=\"alignright wp-image-7762 size-full\" src=\"http:\/\/tilt-up.org\/tilt-uptoday\/wp-content\/uploads\/2015\/08\/Brad-Nesset1-e1440186522324.jpg\" alt=\"Brad-Nesset\" width=\"200\" height=\"140\" \/><\/a>, un fabricante l\u00edder de sistemas de aislamiento para la construcci\u00f3n de concreto, se enorgullece de anunciar el nombramiento de Brad Nesset como Presidente. Nesset ha estado en Thermomass desde 2005 y reemplaza a Tom Stecker, quien ha liderado el crecimiento de Thermomass desde 2004. Stecker se retira para pasar m\u00e1s tiempo con su familia y dedicarse a otros intereses, pero continuar\u00e1 colaborando con Thermomass en diversas oportunidades de desarrollo.<\/p>\n<p>\u201cHe tenido el placer de trabajar de cerca con Tom durante muchos a\u00f1os y estoy emocionado de trabajar con nuestros empleados y socios de nuevas maneras\u201d, dijo Nesset. \u201cDurante los \u00faltimos 10 a\u00f1os he conocido bien la industria y espero con ansias la pr\u00f3xima d\u00e9cada de crecimiento e innovaci\u00f3n en Thermomass\u201d.\u201d<\/p>\n<p>Como presidente, Nesset reportar\u00e1 a Eoin Lehane, presidente de Meadow Burke. \u201cBrad ha sido fundamental en el crecimiento de Thermomass\u201d, dijo Lehane. \u201cSu pasi\u00f3n tanto por el negocio como por la innovaci\u00f3n de productos, junto con su fuerte enfoque en el cliente, lo convierten en el candidato ideal para continuar la fuerte trayectoria de crecimiento de Thermomass. Tambi\u00e9n me gustar\u00eda agradecer a Tom por su s\u00f3lido liderazgo en Thermomass a lo largo de los a\u00f1os y le deseo lo mejor en sus futuros proyectos\u201d.<\/p>\n<h4>Acerca de Thermomass<\/h4>\n<p><em>Con sede en Boone, Iowa, Thermomass fabrica sistemas de aislamiento para una variedad de aplicaciones de muros de concreto. Thermomass es una subsidiaria de Meadow Burke, el l\u00edder innovador en accesorios y procesos para la construcci\u00f3n con concreto. Para m\u00e1s informaci\u00f3n sobre Thermomass, llame al (800) 232-1748 o visite <a href=\"http:\/\/www.thermomass.com\" target=\"_blank\" rel=\"noopener\">www.thermomass.com<\/a>.<\/em><\/p>","protected":false},"excerpt":{"rendered":"<div class=\"mh-excerpt\">Thermomass, un fabricante l\u00edder de sistemas de aislamiento para edificaciones de concreto, se enorgullece en anunciar el nombramiento de Brad Nesset como presidente. Nesset ha estado en Thermomass desde 2005 y reemplaza a Tom Stecker, quien ha liderado <a class=\"mh-excerpt-more\" href=\"https:\/\/tilt-up.org\/tilt-uptoday\/es\/2015\/08\/21\/thermomass-names-brad-nesset-president\/\" title=\"Thermomass nombra a Brad Nesset presidente\"> Leer m\u00e1s\u2026<\/a><\/div>","protected":false},"author":3,"featured_media":7756,"comment_status":"open","ping_status":"open","sticky":false,"template":"","format":"standard","meta":{"footnotes":""},"categories":[14],"tags":[],"class_list":{"0":"post-7755","1":"post","2":"type-post","3":"status-publish","4":"format-standard","5":"has-post-thumbnail","7":"category-member_news"},"_links":{"self":[{"href":"https:\/\/tilt-up.org\/tilt-uptoday\/es\/wp-json\/wp\/v2\/posts\/7755","targetHints":{"allow":["GET"]}}],"collection":[{"href":"https:\/\/tilt-up.org\/tilt-uptoday\/es\/wp-json\/wp\/v2\/posts"}],"about":[{"href":"https:\/\/tilt-up.org\/tilt-uptoday\/es\/wp-json\/wp\/v2\/types\/post"}],"author":[{"embeddable":true,"href":"https:\/\/tilt-up.org\/tilt-uptoday\/es\/wp-json\/wp\/v2\/users\/3"}],"replies":[{"embeddable":true,"href":"https:\/\/tilt-up.org\/tilt-uptoday\/es\/wp-json\/wp\/v2\/comments?post=7755"}],"version-history":[{"count":4,"href":"https:\/\/tilt-up.org\/tilt-uptoday\/es\/wp-json\/wp\/v2\/posts\/7755\/revisions"}],"predecessor-version":[{"id":7763,"href":"https:\/\/tilt-up.org\/tilt-uptoday\/es\/wp-json\/wp\/v2\/posts\/7755\/revisions\/7763"}],"wp:featuredmedia":[{"embeddable":true,"href":"https:\/\/tilt-up.org\/tilt-uptoday\/es\/wp-json\/wp\/v2\/media\/7756"}],"wp:attachment":[{"href":"https:\/\/tilt-up.org\/tilt-uptoday\/es\/wp-json\/wp\/v2\/media?parent=7755"}],"wp:term":[{"taxonomy":"category","embeddable":true,"href":"https:\/\/tilt-up.org\/tilt-uptoday\/es\/wp-json\/wp\/v2\/categories?post=7755"},{"taxonomy":"post_tag","embeddable":true,"href":"https:\/\/tilt-up.org\/tilt-uptoday\/es\/wp-json\/wp\/v2\/tags?post=7755"}],"curies":[{"name":"la hora de","href":"https:\/\/api.w.org\/{rel}","templated":true}]}}