{"id":3593,"date":"2014-12-22T11:40:25","date_gmt":"2014-12-22T16:40:25","guid":{"rendered":"http:\/\/72.167.124.155\/tilt-uptoday\/?p=3593"},"modified":"2025-05-30T10:00:17","modified_gmt":"2025-05-30T15:00:17","slug":"ed-sauter-a-ser-honrado-durante-world-of-concrete","status":"publish","type":"post","link":"https:\/\/tilt-up.org\/tilt-uptoday\/es\/2014\/12\/22\/ed-sauter-a-ser-honrado-durante-world-of-concrete\/","title":{"rendered":"Ed Sauter ser\u00e1 honrado durante World of Concrete"},"content":{"rendered":"<div style=\"border: 1px solid #dddddd; padding: 0.5em; background-color: #f5f5f5; width: 666px;\">\n<p style=\"text-align: center; color: #808285;\"><a href=\"http:\/\/tilt-up.org\/tilt-uptoday\/es\/2014\/10\/09\/sauter-to-be-honored-during-world-of-concrete\/\"><strong>Ingl\u00e9s<\/strong><\/a> | Traducci\u00f3n patrocinada por <a href=\"http:\/\/www.nox-crete.com\" target=\"_blank\" rel=\"noopener\">Grupo de productos Nox-Crete<\/a> &amp; <a href=\"http:\/\/alianzasoluciones.com\" target=\"_blank\" rel=\"noopener\">Alianza Soluciones<\/a><\/p>\n<\/div>\n<p><img loading=\"lazy\" decoding=\"async\" class=\"alignnone size-full wp-image-3511\" src=\"http:\/\/tilt-up.org\/tilt-uptoday\/wp-content\/uploads\/2014\/10\/Sauter-1.jpg\" alt=\"Sauter-1\" width=\"680\" height=\"340\" srcset=\"https:\/\/tilt-up.org\/tilt-uptoday\/wp-content\/uploads\/2014\/10\/Sauter-1.jpg 680w, https:\/\/tilt-up.org\/tilt-uptoday\/wp-content\/uploads\/2014\/10\/Sauter-1-678x340.jpg 678w, https:\/\/tilt-up.org\/tilt-uptoday\/wp-content\/uploads\/2014\/10\/Sauter-1-300x150.jpg 300w\" sizes=\"auto, (max-width: 680px) 100vw, 680px\" \/><\/p>\n<p>Tilt-Up Concrete Association (TCA), la autoridad global para la industria de tilt-up, honrar\u00e1 a Ed Sauter, el director ejecutivo de muchos a\u00f1os de la asociaci\u00f3n, en su Winter Tilt-Up Jubilee durante el evento World of Concrete (WOC) el 4 de febrero de 2015.<\/p>\n<p>Sauter pasar\u00e1 a una jubilaci\u00f3n a tiempo parcial a fines de este a\u00f1o y renunciar\u00e1 como director ejecutivo de TCA. Comenz\u00f3 su trayectoria en la asociaci\u00f3n en 1992, cuando, asistiendo a una reuni\u00f3n tambi\u00e9n celebrada en WOC, acept\u00f3 asumir el puesto de director interino. Continu\u00f3 en este puesto durante 23 a\u00f1os, aportando pasi\u00f3n, compromiso y liderazgo a la organizaci\u00f3n.<\/p>\n<p>\u201cEd ha sido un activo extraordinario para la asociaci\u00f3n durante mucho tiempo y estamos ansiosos por honrarlo a \u00e9l y a todo en lo que la TCA se ha convertido durante las \u00faltimas dos d\u00e9cadas\u201d, dijo Mitch Bloomquist, director general de TCA. \u201cSu impacto no solo en la organizaci\u00f3n, sino en la industria en su conjunto, no puede exagerarse\u201d.<\/p>\n<p><img loading=\"lazy\" decoding=\"async\" class=\"alignnone size-full wp-image-3521\" src=\"http:\/\/tilt-up.org\/tilt-uptoday\/wp-content\/uploads\/2014\/10\/Sauter-3.jpg\" alt=\"Sauter-3\" width=\"680\" height=\"1019\" srcset=\"https:\/\/tilt-up.org\/tilt-uptoday\/wp-content\/uploads\/2014\/10\/Sauter-3.jpg 680w, https:\/\/tilt-up.org\/tilt-uptoday\/wp-content\/uploads\/2014\/10\/Sauter-3-200x300.jpg 200w\" sizes=\"auto, (max-width: 680px) 100vw, 680px\" \/><\/p>\n<p>En 2001, Sauter comenz\u00f3 a expandir el personal de TCA, asoci\u00e1ndose con Jim Baty, el director t\u00e9cnico de TCA. Bloomquist fue incluido en 2010 para brindar un enfoque a\u00fan m\u00e1s s\u00f3lido en los beneficios de membres\u00eda y la imagen de marca de la asociaci\u00f3n.<\/p>\n<p>\u201cHay una valiosa historia de la que TCA puede enorgullecerse bajo la direcci\u00f3n de mi colega, Ed Sauter\u201d, declar\u00f3 Baty. \u201cHa sido un honor trabajar junto a un l\u00edder de la industria tan dedicado y comprometido, y es un honor ahora celebrarlo a \u00e9l y la madurez de la asociaci\u00f3n a la que tanto ha aportado. Al mismo tiempo, estamos entusiasmados por el futuro que Ed ha marcado, mientras que nuestra firma y la Junta Directiva de la TCA han seleccionado a Mitch para tomar las riendas\u201d.<\/p>\n<p>El Winter Tilt-Up Jubilee inaugural se realiz\u00f3 en WOC 2014. El evento es patrocinado por el TCA Global Associates Council, un cuerpo representativo de la membres\u00eda de TCA Global Associate. El aniversario provee una oportunidad festiva de networking y es gratuito para los miembros de TCA que se registren antes del 23 de enero de 2015. Los no miembros y el registro en el evento es $$40. Se reembolsar\u00e1 el registro a aquellos cuya compa\u00f1\u00eda se asocie a TCA dentro de los 30 d\u00edas del evento. Reg\u00edstrese en l\u00ednea en www.tilt-up.org\/events.<\/p>\n<p>El evento se llevar\u00e1 a cabo de 5 a 7 p.m. en el Hotel Las Vegas (LVH). Una breve reuni\u00f3n anual comenzar\u00e1 a las 4:45 p.m. y preceder\u00e1 al evento.<\/p>\n<p>Como copatrocinador de World of Concrete, la TCA ofrece nuevamente los precios de registro y seminario m\u00e1s bajos disponibles. *$Los precios de registro para solo la expo y ahorros significativos en educaci\u00f3n est\u00e1n disponibles usando el c\u00f3digo A35 en cualquier formulario o registr\u00e1ndose en l\u00ednea en www.tilt-up.org\/woc. *Podr\u00edan aplicar restricciones.<\/p>","protected":false},"excerpt":{"rendered":"<div class=\"mh-excerpt\">Ingl\u00e9s | Traducci\u00f3n Patrocinada por Nox-Crete Products Group y Alianza Soluciones Concrete Tilt-Up Association (TCA) \u2013la autoridad global para la industria de tilt-up\u2013 honrar\u00e1 a Ed Sauter, el director ejecutivo durante muchos a\u00f1os de la <a class=\"mh-excerpt-more\" href=\"https:\/\/tilt-up.org\/tilt-uptoday\/es\/2014\/12\/22\/ed-sauter-a-ser-honrado-durante-world-of-concrete\/\" title=\"Ed Sauter ser\u00e1 honrado durante World of Concrete\"> Leer m\u00e1s\u2026<\/a><\/div>","protected":false},"author":2,"featured_media":3513,"comment_status":"open","ping_status":"open","sticky":false,"template":"","format":"standard","meta":{"footnotes":""},"categories":[267],"tags":[],"class_list":{"0":"post-3593","1":"post","2":"type-post","3":"status-publish","4":"format-standard","5":"has-post-thumbnail","7":"category-en-espanol"},"_links":{"self":[{"href":"https:\/\/tilt-up.org\/tilt-uptoday\/es\/wp-json\/wp\/v2\/posts\/3593","targetHints":{"allow":["GET"]}}],"collection":[{"href":"https:\/\/tilt-up.org\/tilt-uptoday\/es\/wp-json\/wp\/v2\/posts"}],"about":[{"href":"https:\/\/tilt-up.org\/tilt-uptoday\/es\/wp-json\/wp\/v2\/types\/post"}],"author":[{"embeddable":true,"href":"https:\/\/tilt-up.org\/tilt-uptoday\/es\/wp-json\/wp\/v2\/users\/2"}],"replies":[{"embeddable":true,"href":"https:\/\/tilt-up.org\/tilt-uptoday\/es\/wp-json\/wp\/v2\/comments?post=3593"}],"version-history":[{"count":12,"href":"https:\/\/tilt-up.org\/tilt-uptoday\/es\/wp-json\/wp\/v2\/posts\/3593\/revisions"}],"predecessor-version":[{"id":7223,"href":"https:\/\/tilt-up.org\/tilt-uptoday\/es\/wp-json\/wp\/v2\/posts\/3593\/revisions\/7223"}],"wp:featuredmedia":[{"embeddable":true,"href":"https:\/\/tilt-up.org\/tilt-uptoday\/es\/wp-json\/wp\/v2\/media\/3513"}],"wp:attachment":[{"href":"https:\/\/tilt-up.org\/tilt-uptoday\/es\/wp-json\/wp\/v2\/media?parent=3593"}],"wp:term":[{"taxonomy":"category","embeddable":true,"href":"https:\/\/tilt-up.org\/tilt-uptoday\/es\/wp-json\/wp\/v2\/categories?post=3593"},{"taxonomy":"post_tag","embeddable":true,"href":"https:\/\/tilt-up.org\/tilt-uptoday\/es\/wp-json\/wp\/v2\/tags?post=3593"}],"curies":[{"name":"la hora de","href":"https:\/\/api.w.org\/{rel}","templated":true}]}}