{"id":3391,"date":"2014-10-09T12:16:14","date_gmt":"2014-10-09T17:16:14","guid":{"rendered":"http:\/\/72.167.124.155\/tilt-uptoday\/?p=3391"},"modified":"2025-10-29T12:58:35","modified_gmt":"2025-10-29T17:58:35","slug":"sauter-to-be-honored-during-world-of-concrete","status":"publish","type":"post","link":"https:\/\/tilt-up.org\/tilt-uptoday\/es\/2014\/10\/09\/sauter-to-be-honored-during-world-of-concrete\/","title":{"rendered":"Sauter ser\u00e1 homenajeado durante World of Concrete"},"content":{"rendered":"<\/div>\n<p><img loading=\"lazy\" decoding=\"async\" class=\"alignnone size-full wp-image-3511\" src=\"http:\/\/tilt-up.org\/tilt-uptoday\/wp-content\/uploads\/2014\/10\/Sauter-1.jpg\" alt=\"Sauter-1\" width=\"680\" height=\"340\" srcset=\"https:\/\/tilt-up.org\/tilt-uptoday\/wp-content\/uploads\/2014\/10\/Sauter-1.jpg 680w, https:\/\/tilt-up.org\/tilt-uptoday\/wp-content\/uploads\/2014\/10\/Sauter-1-678x340.jpg 678w, https:\/\/tilt-up.org\/tilt-uptoday\/wp-content\/uploads\/2014\/10\/Sauter-1-300x150.jpg 300w\" sizes=\"auto, (max-width: 680px) 100vw, 680px\" \/><\/p>\n<p>La Tilt-Up Concrete Association (TCA), la autoridad global para la industria de la construcci\u00f3n con concreto prefabricado en sitio, honrar\u00e1 a Ed Sauter, el director ejecutivo de larga data de la asociaci\u00f3n, en su Winter Tilt-Up Jubilee durante la feria World of Concrete (WOC) el 4 de febrero de 2015.<\/p>\n<p>Sauter entrar\u00e1 en jubilaci\u00f3n a tiempo parcial al final de este a\u00f1o y dejar\u00e1 el cargo de director ejecutivo de la TCA. Inici\u00f3 su trayectoria en la asociaci\u00f3n en 1992, cuando, asistiendo a una reuni\u00f3n que tambi\u00e9n se celebr\u00f3 en la WOC, accedi\u00f3 a asumir el cargo de director interino. Continu\u00f3 en el puesto durante 23 a\u00f1os, aportando pasi\u00f3n, compromiso y liderazgo a la organizaci\u00f3n.<\/p>\n<p>\u201cEd ha sido un activo extraordinario para esta asociaci\u00f3n durante mucho tiempo y estamos emocionados de celebrarlo a \u00e9l y a todo lo que la TCA se ha convertido en las \u00faltimas dos d\u00e9cadas\u201d, dijo Mitch Bloomquist, director general de la TCA. \u201cSu impacto no solo en la organizaci\u00f3n, sino en la industria en su conjunto, no puede ser exagerado\u201d.\u201d<\/p>\n<p><img loading=\"lazy\" decoding=\"async\" class=\"alignnone size-full wp-image-3521\" src=\"http:\/\/tilt-up.org\/tilt-uptoday\/wp-content\/uploads\/2014\/10\/Sauter-3.jpg\" alt=\"Sauter-3\" width=\"680\" height=\"1019\" srcset=\"https:\/\/tilt-up.org\/tilt-uptoday\/wp-content\/uploads\/2014\/10\/Sauter-3.jpg 680w, https:\/\/tilt-up.org\/tilt-uptoday\/wp-content\/uploads\/2014\/10\/Sauter-3-200x300.jpg 200w\" sizes=\"auto, (max-width: 680px) 100vw, 680px\" \/><\/p>\n<p>En 2001, Sauter comenz\u00f3 a expandir el personal de TCA, asoci\u00e1ndose con Jim Baty, director t\u00e9cnico de TCA. Bloomquist fue incorporado en 2010 para brindar un enfoque a\u00fan mayor en los beneficios para los miembros y la imagen de marca de la asociaci\u00f3n.<\/p>\n<p>\u201cHay una rica historia a la que la TCA puede atribuirse bajo la direcci\u00f3n de mi socio, Ed Sauter\u201d, afirma Baty. \u201cHa sido un honor trabajar junto a un l\u00edder tan desinteresado y comprometido de la industria y es un honor celebrar ahora a \u00e9l y la madurez de la asociaci\u00f3n a la que tanto ha dado. Al mismo tiempo, estamos entusiasmados por el futuro que Ed ha dirigido ya que nuestra firma, y la Junta Directiva de la TCA, hemos seleccionado a Mitch para tomar las riendas.\u201d<\/p>\n<p>La primera Ceremonia Invernal de Tilt-Up se llev\u00f3 a cabo en WOC en 2014. El evento es patrocinado por el Consejo Global de Asociados de la TCA, un \u00f3rgano representativo de la <a href=\"https:\/\/tilt-up.org\/tilt-uptoday\/es\/directory\/vendors.php\/\">Asociado Global de TCA<\/a> membres\u00eda. El jubileo ofrece una festiva oportunidad de networking y es gratis para los miembros de la TCA que se registren antes del 23 de enero de 2015. La inscripci\u00f3n para no miembros y la inscripci\u00f3n in situ cuestan $40. La inscripci\u00f3n ser\u00e1 reembolsada en su totalidad a aquellos cuya empresa se una a la TCA dentro de los 30 d\u00edas posteriores al evento. Reg\u00edstrese en l\u00ednea en <a href=\"https:\/\/tilt-up.org\/tilt-uptoday\/es\/events\/2015-winter-jubilee\/\" target=\"_blank\">www.tilt-up.org\/eventos<\/a>.<\/p>\n<p>El evento se realizar\u00e1 de 5:00 p. m. a 7:00 p. m. en el Hotel Las Vegas (LVH). Al evento le preceder\u00e1 una breve junta anual, que comenzar\u00e1 a las 4:45 p. m.<\/p>\n<p><em>Como copatrocinador de World of Concrete, la TCA ofrece nuevamente los precios de inscripci\u00f3n y seminarios publicados m\u00e1s bajos. *$Las inscripciones solo para exhibiciones y ahorros significativos en educaci\u00f3n est\u00e1n disponibles usando el c\u00f3digo de fuente A35 en cualquier formulario o registr\u00e1ndose en l\u00ednea en <a href=\"https:\/\/tilt-up.org\/tilt-uptoday\/es\/woc\/\" target=\"_blank\">www.tilt-up.org\/woc<\/a>. Pueden aplicarse restricciones.<\/em><\/p>","protected":false},"excerpt":{"rendered":"<div class=\"mh-excerpt\">La Tilt-Up Concrete Association (TCA), la autoridad mundial de la industria del tilt-up, honrar\u00e1 a Ed Sauter, director ejecutivo desde hace mucho tiempo de la asociaci\u00f3n, en su Winter Tilt-Up Jubilee durante World of Concrete (WOC) en febrero. <a class=\"mh-excerpt-more\" href=\"https:\/\/tilt-up.org\/tilt-uptoday\/es\/2014\/10\/09\/sauter-to-be-honored-during-world-of-concrete\/\" title=\"Sauter ser\u00e1 homenajeado durante World of Concrete\"> Leer m\u00e1s\u2026<\/a><\/div>","protected":false},"author":2,"featured_media":3513,"comment_status":"open","ping_status":"open","sticky":false,"template":"","format":"standard","meta":{"footnotes":""},"categories":[12,6,7],"tags":[],"class_list":{"0":"post-3391","1":"post","2":"type-post","3":"status-publish","4":"format-standard","5":"has-post-thumbnail","7":"category-events","8":"category-industry","9":"category-tca_announcements"},"_links":{"self":[{"href":"https:\/\/tilt-up.org\/tilt-uptoday\/es\/wp-json\/wp\/v2\/posts\/3391","targetHints":{"allow":["GET"]}}],"collection":[{"href":"https:\/\/tilt-up.org\/tilt-uptoday\/es\/wp-json\/wp\/v2\/posts"}],"about":[{"href":"https:\/\/tilt-up.org\/tilt-uptoday\/es\/wp-json\/wp\/v2\/types\/post"}],"author":[{"embeddable":true,"href":"https:\/\/tilt-up.org\/tilt-uptoday\/es\/wp-json\/wp\/v2\/users\/2"}],"replies":[{"embeddable":true,"href":"https:\/\/tilt-up.org\/tilt-uptoday\/es\/wp-json\/wp\/v2\/comments?post=3391"}],"version-history":[{"count":46,"href":"https:\/\/tilt-up.org\/tilt-uptoday\/es\/wp-json\/wp\/v2\/posts\/3391\/revisions"}],"predecessor-version":[{"id":19369,"href":"https:\/\/tilt-up.org\/tilt-uptoday\/es\/wp-json\/wp\/v2\/posts\/3391\/revisions\/19369"}],"wp:featuredmedia":[{"embeddable":true,"href":"https:\/\/tilt-up.org\/tilt-uptoday\/es\/wp-json\/wp\/v2\/media\/3513"}],"wp:attachment":[{"href":"https:\/\/tilt-up.org\/tilt-uptoday\/es\/wp-json\/wp\/v2\/media?parent=3391"}],"wp:term":[{"taxonomy":"category","embeddable":true,"href":"https:\/\/tilt-up.org\/tilt-uptoday\/es\/wp-json\/wp\/v2\/categories?post=3391"},{"taxonomy":"post_tag","embeddable":true,"href":"https:\/\/tilt-up.org\/tilt-uptoday\/es\/wp-json\/wp\/v2\/tags?post=3391"}],"curies":[{"name":"la hora de","href":"https:\/\/api.w.org\/{rel}","templated":true}]}}