{"id":3096,"date":"2014-02-20T09:06:30","date_gmt":"2014-02-20T14:06:30","guid":{"rendered":"http:\/\/72.167.124.155\/tilt-uptoday\/?p=3096"},"modified":"2015-06-08T02:24:56","modified_gmt":"2015-06-08T07:24:56","slug":"chris-shepard-joins-the-korte-companys-business-development-team","status":"publish","type":"post","link":"https:\/\/tilt-up.org\/tilt-uptoday\/es\/2014\/02\/20\/chris-shepard-joins-the-korte-companys-business-development-team\/","title":{"rendered":"Chris Shepard se une al equipo de desarrollo comercial de The Korte Company"},"content":{"rendered":"<p><img loading=\"lazy\" decoding=\"async\" class=\"size-full wp-image-3097 alignright\" alt=\"Chris Shepard\" src=\"http:\/\/tilt-up.org\/tilt-uptoday\/wp-content\/uploads\/2014\/02\/Chris-Shepard.png\" width=\"318\" height=\"318\" srcset=\"https:\/\/tilt-up.org\/tilt-uptoday\/wp-content\/uploads\/2014\/02\/Chris-Shepard.png 318w, https:\/\/tilt-up.org\/tilt-uptoday\/wp-content\/uploads\/2014\/02\/Chris-Shepard-290x290.png 290w, https:\/\/tilt-up.org\/tilt-uptoday\/wp-content\/uploads\/2014\/02\/Chris-Shepard-300x300.png 300w\" sizes=\"auto, (max-width: 318px) 100vw, 318px\" \/>The Korte Company da la bienvenida a Chris Shepard al equipo como miembro integral de sus esfuerzos de desarrollo de negocios. El Sr. Shepard se une al grupo de desarrollo de negocios de la compa\u00f1\u00eda con m\u00e1s de una d\u00e9cada de experiencia en dise\u00f1o y construcci\u00f3n, principalmente en el \u00e1rea de Contrataci\u00f3n Federal\/Desarrollo Internacional.<\/p>\n<p>Trabajando a trav\u00e9s del Departamento de Estado de los EE. UU., los aspectos destacados incluyen el desarrollo de oportunidades en Infraestructura de Red Segura para instalaciones en Irak y Afganist\u00e1n. Adicionalmente, ha trabajado en proyectos de empresas conjuntas en los Emiratos \u00c1rabes Unidos con el Ministerio del Interior y el Ministerio de Petr\u00f3leo de Irak.<\/p>\n<p>Chris es egresado de la Universidad de Auburn, donde estudi\u00f3 arquitectura. \u201cSus antecedentes y experiencia encajan bien tanto con nuestra clientela actual como con nuestros objetivos a largo plazo\u201d, seg\u00fan Todd Korte, presidente y director ejecutivo de The Korte Company.<\/p>\n<p>The Korte Company, fundada en 1958, se especializa en Dise\u00f1o-Construcci\u00f3n, administraci\u00f3n y servicios de construcci\u00f3n, y tiene su sede en St. Louis, Missouri, con oficinas en Highland, Illinois y Las Vegas, Nevada. La compa\u00f1\u00eda administra, en promedio, un volumen de construcci\u00f3n anual superior a $200 millones de d\u00f3lares.<\/p>\n<p>The Korte Company es un contratista general que ofrece servicios integrales de dise\u00f1o y construcci\u00f3n, con equipos internos de dise\u00f1o, presupuestaci\u00f3n, gesti\u00f3n de proyectos y construcci\u00f3n. Su experiencia abarca edificios para organismos gubernamentales federales, estatales y locales, as\u00ed como el dise\u00f1o y la construcci\u00f3n de centros de salud, edificios de consultorios m\u00e9dicos, almacenes y centros de distribuci\u00f3n, instalaciones religiosas, edificios comerciales, escuelas, centros recreativos y complejos de oficinas.<\/p>","protected":false},"excerpt":{"rendered":"<div class=\"mh-excerpt\">La empresa Korte da la bienvenida a Chris Shepard al equipo como miembro fundamental de su departamento de desarrollo comercial. El Sr. Shepard se une al equipo de desarrollo comercial de la empresa con m\u00e1s de una d\u00e9cada de experiencia en dise\u00f1o <a class=\"mh-excerpt-more\" href=\"https:\/\/tilt-up.org\/tilt-uptoday\/es\/2014\/02\/20\/chris-shepard-joins-the-korte-companys-business-development-team\/\" title=\"Chris Shepard se une al equipo de desarrollo comercial de The Korte Company\"> Leer m\u00e1s\u2026<\/a><\/div>","protected":false},"author":2,"featured_media":0,"comment_status":"open","ping_status":"open","sticky":false,"template":"","format":"standard","meta":{"footnotes":""},"categories":[14],"tags":[33],"class_list":{"0":"post-3096","1":"post","2":"type-post","3":"status-publish","4":"format-standard","6":"category-member_news","7":"tag-jobs"},"_links":{"self":[{"href":"https:\/\/tilt-up.org\/tilt-uptoday\/es\/wp-json\/wp\/v2\/posts\/3096","targetHints":{"allow":["GET"]}}],"collection":[{"href":"https:\/\/tilt-up.org\/tilt-uptoday\/es\/wp-json\/wp\/v2\/posts"}],"about":[{"href":"https:\/\/tilt-up.org\/tilt-uptoday\/es\/wp-json\/wp\/v2\/types\/post"}],"author":[{"embeddable":true,"href":"https:\/\/tilt-up.org\/tilt-uptoday\/es\/wp-json\/wp\/v2\/users\/2"}],"replies":[{"embeddable":true,"href":"https:\/\/tilt-up.org\/tilt-uptoday\/es\/wp-json\/wp\/v2\/comments?post=3096"}],"version-history":[{"count":11,"href":"https:\/\/tilt-up.org\/tilt-uptoday\/es\/wp-json\/wp\/v2\/posts\/3096\/revisions"}],"predecessor-version":[{"id":7269,"href":"https:\/\/tilt-up.org\/tilt-uptoday\/es\/wp-json\/wp\/v2\/posts\/3096\/revisions\/7269"}],"wp:attachment":[{"href":"https:\/\/tilt-up.org\/tilt-uptoday\/es\/wp-json\/wp\/v2\/media?parent=3096"}],"wp:term":[{"taxonomy":"category","embeddable":true,"href":"https:\/\/tilt-up.org\/tilt-uptoday\/es\/wp-json\/wp\/v2\/categories?post=3096"},{"taxonomy":"post_tag","embeddable":true,"href":"https:\/\/tilt-up.org\/tilt-uptoday\/es\/wp-json\/wp\/v2\/tags?post=3096"}],"curies":[{"name":"la hora de","href":"https:\/\/api.w.org\/{rel}","templated":true}]}}