{"id":272,"date":"2011-07-25T12:30:10","date_gmt":"2011-07-25T17:30:10","guid":{"rendered":"http:\/\/72.167.124.155\/tilt-uptoday\/?p=272"},"modified":"2015-06-08T02:52:59","modified_gmt":"2015-06-08T07:52:59","slug":"groundbreaking-missouri-korean-war-veterans-memorial-2","status":"publish","type":"post","link":"https:\/\/tilt-up.org\/tilt-uptoday\/es\/2011\/07\/25\/groundbreaking-missouri-korean-war-veterans-memorial-2\/","title":{"rendered":"Innovador \u2013 Monumento Conmemorativo de los Veteranos de la Guerra de Corea de Misuri"},"content":{"rendered":"<p><img loading=\"lazy\" decoding=\"async\" class=\"alignleft size-medium wp-image-273\" title=\"Rompiendo-la-chancleta-bajo-la-lluvia-2\" src=\"http:\/\/tilt-up.org\/tilt-uptoday\/wp-content\/uploads\/2011\/10\/Ground-Breaking-in-the-rain-2_-300x170.jpg\" alt=\"\" width=\"300\" height=\"170\" srcset=\"https:\/\/tilt-up.org\/tilt-uptoday\/wp-content\/uploads\/2011\/10\/Ground-Breaking-in-the-rain-2_-300x170.jpg 300w, https:\/\/tilt-up.org\/tilt-uptoday\/wp-content\/uploads\/2011\/10\/Ground-Breaking-in-the-rain-2_.jpg 600w\" sizes=\"auto, (max-width: 300px) 100vw, 300px\" \/>El viernes 12 de agosto se llev\u00f3 a cabo la ceremonia de colocaci\u00f3n de la primera piedra del Monumento Conmemorativo de los Veteranos de la Guerra de Corea de Missouri en el Parque Washington Square en Kansas City, Missouri. El monumento, construido con paneles de concreto Tilt-Up, honra el legado de los veteranos de la Guerra de Corea, presentes y pasados, y a los m\u00e1s de 900 del estado de Missouri que pagaron el m\u00e1ximo sacrificio y dieron sus vidas en defensa de Corea del Sur.<\/p>\n<p>La ceremonia, a la que asisti\u00f3 mucha gente, comenz\u00f3 justo cuando lluvias torrenciales azotaron la zona e incluy\u00f3 discursos del Director de Parques y Recreaci\u00f3n, Mark L. McHenry, miembros del Comit\u00e9 del Monumento Conmemorativo de la Guerra de Corea de Missouri y veteranos de la Guerra de Corea de MO, luciendo con orgullo sus uniformes. Se extendieron amables agradecimientos a todas las personas que han realizado donaciones, incluidas la TCA y sus miembros Summit Concrete, Needham &amp; Associates, Meadow Burke, Innovative Brick Systems y Tincher\u2019s Welding.<\/p>\n<p>La inauguraci\u00f3n del monumento terminado est\u00e1 programada para el mi\u00e9rcoles 28 de septiembre a las 3:00 p.m. y dar\u00e1 inicio a la Convenci\u00f3n Anual de la TCA 2011.<\/p>","protected":false},"excerpt":{"rendered":"<div class=\"mh-excerpt\">Se llev\u00f3 a cabo una ceremonia de colocaci\u00f3n de la primera piedra para el Monumento a los Veteranos de la Guerra de Corea de Missouri el viernes 12 de agosto en el Parque Washington Square de Kansas City, Missouri. El monumento, construido con paneles de hormig\u00f3n Tilt-Up, honra el legado de Corea <a class=\"mh-excerpt-more\" href=\"https:\/\/tilt-up.org\/tilt-uptoday\/es\/2011\/07\/25\/groundbreaking-missouri-korean-war-veterans-memorial-2\/\" title=\"Innovador \u2013 Monumento Conmemorativo de los Veteranos de la Guerra de Corea de Misuri\"> Leer m\u00e1s\u2026<\/a><\/div>","protected":false},"author":2,"featured_media":273,"comment_status":"open","ping_status":"open","sticky":false,"template":"","format":"standard","meta":{"footnotes":""},"categories":[7],"tags":[26,27],"class_list":{"0":"post-272","1":"post","2":"type-post","3":"status-publish","4":"format-standard","5":"has-post-thumbnail","7":"category-tca_announcements","8":"tag-architecture","9":"tag-community"},"_links":{"self":[{"href":"https:\/\/tilt-up.org\/tilt-uptoday\/es\/wp-json\/wp\/v2\/posts\/272","targetHints":{"allow":["GET"]}}],"collection":[{"href":"https:\/\/tilt-up.org\/tilt-uptoday\/es\/wp-json\/wp\/v2\/posts"}],"about":[{"href":"https:\/\/tilt-up.org\/tilt-uptoday\/es\/wp-json\/wp\/v2\/types\/post"}],"author":[{"embeddable":true,"href":"https:\/\/tilt-up.org\/tilt-uptoday\/es\/wp-json\/wp\/v2\/users\/2"}],"replies":[{"embeddable":true,"href":"https:\/\/tilt-up.org\/tilt-uptoday\/es\/wp-json\/wp\/v2\/comments?post=272"}],"version-history":[{"count":14,"href":"https:\/\/tilt-up.org\/tilt-uptoday\/es\/wp-json\/wp\/v2\/posts\/272\/revisions"}],"predecessor-version":[{"id":7438,"href":"https:\/\/tilt-up.org\/tilt-uptoday\/es\/wp-json\/wp\/v2\/posts\/272\/revisions\/7438"}],"wp:featuredmedia":[{"embeddable":true,"href":"https:\/\/tilt-up.org\/tilt-uptoday\/es\/wp-json\/wp\/v2\/media\/273"}],"wp:attachment":[{"href":"https:\/\/tilt-up.org\/tilt-uptoday\/es\/wp-json\/wp\/v2\/media?parent=272"}],"wp:term":[{"taxonomy":"category","embeddable":true,"href":"https:\/\/tilt-up.org\/tilt-uptoday\/es\/wp-json\/wp\/v2\/categories?post=272"},{"taxonomy":"post_tag","embeddable":true,"href":"https:\/\/tilt-up.org\/tilt-uptoday\/es\/wp-json\/wp\/v2\/tags?post=272"}],"curies":[{"name":"la hora de","href":"https:\/\/api.w.org\/{rel}","templated":true}]}}