{"id":2502,"date":"2013-07-09T13:07:46","date_gmt":"2013-07-09T18:07:46","guid":{"rendered":"http:\/\/72.167.124.155\/tilt-uptoday\/?p=2502"},"modified":"2015-06-08T02:30:09","modified_gmt":"2015-06-08T07:30:09","slug":"bloomquist-promoted-to-managing-director-of-tca","status":"publish","type":"post","link":"https:\/\/tilt-up.org\/tilt-uptoday\/es\/2013\/07\/09\/bloomquist-promoted-to-managing-director-of-tca\/","title":{"rendered":"Bloomquist asciende a director general de TCA"},"content":{"rendered":"<p><img loading=\"lazy\" decoding=\"async\" class=\"alignright  wp-image-2506\" alt=\"Mitch-Bloomquist-2\" src=\"http:\/\/tilt-up.org\/tilt-uptoday\/wp-content\/uploads\/2013\/07\/Mitch-Bloomquist-2.jpg\" width=\"408\" height=\"272\" srcset=\"https:\/\/tilt-up.org\/tilt-uptoday\/wp-content\/uploads\/2013\/07\/Mitch-Bloomquist-2.jpg 680w, https:\/\/tilt-up.org\/tilt-uptoday\/wp-content\/uploads\/2013\/07\/Mitch-Bloomquist-2-678x454.jpg 678w, https:\/\/tilt-up.org\/tilt-uptoday\/wp-content\/uploads\/2013\/07\/Mitch-Bloomquist-2-300x200.jpg 300w\" sizes=\"auto, (max-width: 408px) 100vw, 408px\" \/>La Tilt-Up Concrete Association (TCA) anuncia el ascenso de <a href=\"https:\/\/tilt-up.org\/tilt-uptoday\/es\/contact\/mitch_bloomquist.php\/\" target=\"_blank\">Mitch Bloomquist<\/a> de Gerente de Proyecto a Director General.<\/p>\n<p>Bloomquist inici\u00f3 su gesti\u00f3n con el TCA en agosto de 2010, cuando se uni\u00f3 a Sauter Baty Associates, la firma administradora contratada por la Asociaci\u00f3n.<\/p>\n<p>\u201cMitch se uni\u00f3 a nuestra alianza para mejorar los servicios que ofrecemos a los miembros de la TCA y ha sido una adici\u00f3n invaluable a nuestra alianza\u201d, afirma Ed Sauter, Director Ejecutivo de la TCA. \u201cHa integrado r\u00e1pidamente sus habilidades de branding, artes visuales y gesti\u00f3n de proyectos en beneficio de nuestros miembros, adem\u00e1s de aplicar su experiencia en arquitectura a la industria\u201d.\u201d<\/p>\n<p>Anteriormente en Novak Design Group en Cedar Rapids, Iowa, Bloomquist ha asumido la responsabilidad de la <a href=\"http:\/\/tilt-up.org\/tilt-uptoday\/es\/events\/2013-tca-convention\/\" target=\"_blank\">Convenci\u00f3n Anual de la TCA<\/a> y para la evoluci\u00f3n de las marcas principales de ambas TCA, el sitio web y la revista TILT-UP TODAY.<\/p>\n<p>\u201cTCA goza de una marca extremadamente fuerte y reconocida a nivel mundial gracias a Mitch\u201d, afirma Jim Baty, Director T\u00e9cnico de TCA y socio de Sauter Baty Associates. \u201cHa sido una transici\u00f3n emocionante ver los productos de TCA que Mitch ha llevado al \u00e9xito, evolucionando una posici\u00f3n m\u00e1s s\u00f3lida para esta industria y para nuestros miembros\u201d.\u201d<\/p>\n<p>\u201cEl impacto que Mitch ha tenido en la TCA va mucho m\u00e1s all\u00e1 de la revista y el sitio web\u201d, afirma Sauter. \u201cHa podido dedicar su atenci\u00f3n a la producci\u00f3n de nuestra trilog\u00eda de <a href=\"https:\/\/tilt-up.org\/tilt-uptoday\/es\/resources\/\" target=\"_blank\">recursos de \u00faltima generaci\u00f3n<\/a> junto con la variedad de autores, y \u00e9l ha infundido un gran cambio en nuestra Convenci\u00f3n comenzando con el evento de Kansas City de 2011, que lider\u00f3 el desarrollo de la <a href=\"http:\/\/tilt-up.org\/tilt-uptoday\/es\/2011\/12\/19\/worthy-of-remembrance\/\" target=\"_blank\">Monumento Conmemorativo de la Guerra de Corea<\/a>.\u201dHoy, somos capaces de entregar iniciativas con mucho mayor enfoque y profundidad en gran parte gracias a su dedicaci\u00f3n y habilidades.\"<\/p>\n<p>Baty a\u00f1adi\u00f3 que el ascenso a Director General refuerza a\u00fan m\u00e1s el compromiso de Sauter Baty Associates con la Asociaci\u00f3n al crear una posici\u00f3n de enfoque y responsabilidad gerencial.<\/p>\n<p>\u201cContinuamos el desarrollo de personal dedicado y el potencial de esta Asociaci\u00f3n para mejorar y expandir la calidad del servicio y el liderazgo que Ed ha estado brindando durante los \u00faltimos 21 a\u00f1os\u201d, dijo Baty.<\/p>\n<p>Sauter permanece como Director Ejecutivo, con responsabilidades de supervisi\u00f3n general, planificaci\u00f3n financiera y estrat\u00e9gica. Bloomquist gestionar\u00e1 las operaciones diarias de la Asociaci\u00f3n.<\/p>\n<p>Para obtener m\u00e1s informaci\u00f3n sobre Bloomquist y todo el personal de TCA, visite <a href=\"http:\/\/www.tilt-up.org\/contact\/index.php\" target=\"_blank\">www.tilt-up.org\/contacto<\/a>. Conecta con Bloomquist en Twitter <a href=\"https:\/\/twitter.com\/mitchbloomquist\" target=\"_blank\" rel=\"noopener\">@mitchbloomquist<\/a> y encendido <a href=\"http:\/\/www.linkedin.com\/in\/mitchbloomqiust\" target=\"_blank\" rel=\"noopener\">LinkedIn<\/a> tambi\u00e9n.<\/p>","protected":false},"excerpt":{"rendered":"<div class=\"mh-excerpt\">La Asociaci\u00f3n de Hormig\u00f3n Tilt-Up (TCA) anuncia el ascenso de Mitch Bloomquist de director de proyectos a director general. Bloomquist comenz\u00f3 su andadura en la TCA en agosto de 2010, cuando se incorpor\u00f3 a Sauter Baty Associates, la empresa de gesti\u00f3n <a class=\"mh-excerpt-more\" href=\"https:\/\/tilt-up.org\/tilt-uptoday\/es\/2013\/07\/09\/bloomquist-promoted-to-managing-director-of-tca\/\" title=\"Bloomquist asciende a director general de TCA\"> Leer m\u00e1s\u2026<\/a><\/div>","protected":false},"author":2,"featured_media":2510,"comment_status":"open","ping_status":"open","sticky":false,"template":"","format":"standard","meta":{"footnotes":""},"categories":[7],"tags":[160,33],"class_list":{"0":"post-2502","1":"post","2":"type-post","3":"status-publish","4":"format-standard","5":"has-post-thumbnail","7":"category-tca_announcements","8":"tag-bloomquist","9":"tag-jobs"},"_links":{"self":[{"href":"https:\/\/tilt-up.org\/tilt-uptoday\/es\/wp-json\/wp\/v2\/posts\/2502","targetHints":{"allow":["GET"]}}],"collection":[{"href":"https:\/\/tilt-up.org\/tilt-uptoday\/es\/wp-json\/wp\/v2\/posts"}],"about":[{"href":"https:\/\/tilt-up.org\/tilt-uptoday\/es\/wp-json\/wp\/v2\/types\/post"}],"author":[{"embeddable":true,"href":"https:\/\/tilt-up.org\/tilt-uptoday\/es\/wp-json\/wp\/v2\/users\/2"}],"replies":[{"embeddable":true,"href":"https:\/\/tilt-up.org\/tilt-uptoday\/es\/wp-json\/wp\/v2\/comments?post=2502"}],"version-history":[{"count":15,"href":"https:\/\/tilt-up.org\/tilt-uptoday\/es\/wp-json\/wp\/v2\/posts\/2502\/revisions"}],"predecessor-version":[{"id":7298,"href":"https:\/\/tilt-up.org\/tilt-uptoday\/es\/wp-json\/wp\/v2\/posts\/2502\/revisions\/7298"}],"wp:featuredmedia":[{"embeddable":true,"href":"https:\/\/tilt-up.org\/tilt-uptoday\/es\/wp-json\/wp\/v2\/media\/2510"}],"wp:attachment":[{"href":"https:\/\/tilt-up.org\/tilt-uptoday\/es\/wp-json\/wp\/v2\/media?parent=2502"}],"wp:term":[{"taxonomy":"category","embeddable":true,"href":"https:\/\/tilt-up.org\/tilt-uptoday\/es\/wp-json\/wp\/v2\/categories?post=2502"},{"taxonomy":"post_tag","embeddable":true,"href":"https:\/\/tilt-up.org\/tilt-uptoday\/es\/wp-json\/wp\/v2\/tags?post=2502"}],"curies":[{"name":"la hora de","href":"https:\/\/api.w.org\/{rel}","templated":true}]}}