{"id":2501,"date":"2009-10-01T12:47:11","date_gmt":"2009-10-01T17:47:11","guid":{"rendered":"http:\/\/72.167.124.155\/tilt-uptoday\/?p=2501"},"modified":"2025-11-24T13:27:43","modified_gmt":"2025-11-24T18:27:43","slug":"message-from-the-president-with-a-blink-of-an-eye","status":"publish","type":"post","link":"https:\/\/tilt-up.org\/tilt-uptoday\/es\/2009\/10\/01\/message-from-the-president-with-a-blink-of-an-eye\/","title":{"rendered":"Mensaje del presidente: En un abrir y cerrar de ojos"},"content":{"rendered":"<p>Mientras anoche me paraba en mi terraza observando los \u00faltimos vestigios de la luz del d\u00eda esconderse detr\u00e1s de las gloriosas monta\u00f1as de Colorado, sent\u00ed una r\u00e1faga de viento fr\u00edo pasar por mi rostro. Me record\u00f3 casi la misma experiencia de hace once meses, cuando me di cuenta de que estaba contemplando potencialmente la peor recesi\u00f3n que he visto en mis cortos 19 a\u00f1os de carrera. No pod\u00eda creer que el a\u00f1o hubiera pasado, casi en un abrir y cerrar de ojos.<\/p>\n<p>Para la mayor\u00eda, este a\u00f1o es uno que deseamos olvidar. Para el resto de ustedes, no estoy seguro de qu\u00e9 demonios est\u00e1n felices... Cuando asum\u00ed el rol de Presidente de la TCA en enero de 2009, me di cuenta de que el enfoque de mi mandato ser\u00eda la supervivencia. Necesit\u00e1bamos asegurarnos de que la TCA se mantuviera fuerte ante una econom\u00eda severamente golpeada y que nunca nos desvi\u00e1ramos de ofrecer a nuestros miembros el servicio y los beneficios que siempre se les han prometido y brindado.<\/p>\n<p>Al mirar atr\u00e1s durante el a\u00f1o, me asombra c\u00f3mo hemos progresado y hacia d\u00f3nde nos dirigimos. Aqu\u00ed hay algunos de los puntos m\u00e1s destacados de 2009:<\/p>\n<ul>\n<li>En octubre se lanz\u00f3 un sitio web de TCA completamente renovado (www.tilt-up.org), que ofrece gr\u00e1ficos de \u00faltima generaci\u00f3n y herramientas de navegaci\u00f3n sencillas para encontrar la informaci\u00f3n que necesita. \u00a1Aseg\u00farese de iniciar sesi\u00f3n y echarle un vistazo! Agradecemos a Kim Corwin y al Comit\u00e9 de Promociones por todo su arduo trabajo.<\/li>\n<li>La TCA ha decidido participar en la Iniciativa Conjunta de Sostenibilidad, que es una agrupaci\u00f3n de asociaciones y grupos de inter\u00e9s relacionados con el cemento que se unen para educar al p\u00fablico sobre los beneficios sostenibles de los productos relacionados con el cemento.<\/li>\n<li>Estamos cerca de reeditar el manual \u201cArchitecture of Tilt-Up\u201d, con fotograf\u00eda actualizada, ganadores de premios y un enfoque especial en sostenibilidad y construcci\u00f3n ecol\u00f3gica.<\/li>\n<li>Hemos estado trabajando estrechamente con ACI para proporcionar los materiales de certificaci\u00f3n y el examen en espa\u00f1ol. Esto se completar\u00e1 en 2010.<\/li>\n<li>El Comit\u00e9 de Educaci\u00f3n continu\u00f3 trabajando arduamente para ofrecer las mejores presentaciones disponibles para la convenci\u00f3n de 2009. Ya ha comenzado la planificaci\u00f3n para la convenci\u00f3n de 2010.<\/li>\n<\/ul>\n<p>Fuera de los muchos logros de la Asociaci\u00f3n durante el a\u00f1o, estoy m\u00e1s orgulloso de la solidez financiera de la TCA. Seguimos financieramente fuertes gracias a los esfuerzos de aquellos miembros de la junta directiva con visi\u00f3n de futuro de a\u00f1os pasados que supieron que deb\u00edamos ahorrar para tiempos dif\u00edciles. Su liderazgo y el trabajo arduo e incesante de nuestros directores, Ed Sauter y Jim Baty, nos permiten continuar con el m\u00e1s alto nivel de servicio y estabilidad que usted espera de la TCA. Lo alentamos a usted tambi\u00e9n a mantenerse firme. Renueve su membres\u00eda y equipe a su empresa con las herramientas para tener \u00e9xito en 2010.<\/p>\n<div>\n<p>Jimmie Ballard de CMC Construction Services asumir\u00e1 la presidencia de la Asociaci\u00f3n en 2010, y s\u00e9 que ofrecer\u00e1 un excelente liderazgo para todos nosotros.<\/p>\n<p>\u00a1Muchas gracias a todos por permitirme servirles! \u00a1Mis mejores deseos en 2010!<\/p>\n<p>&nbsp;<\/p>\n<p>Jim MacKinnon, presidente<\/p>\n<p>Junta Directiva de la TCA<\/p>\n<\/div>","protected":false},"excerpt":{"rendered":"<div class=\"mh-excerpt\">Anoche, mientras estaba en mi terraza viendo c\u00f3mo los \u00faltimos rayos de luz del d\u00eda se ocultaban tras las majestuosas monta\u00f1as de Colorado, sent\u00ed una r\u00e1faga de viento fr\u00edo que me roz\u00f3 el rostro. Yo <a class=\"mh-excerpt-more\" href=\"https:\/\/tilt-up.org\/tilt-uptoday\/es\/2009\/10\/01\/message-from-the-president-with-a-blink-of-an-eye\/\" title=\"Mensaje del presidente: En un abrir y cerrar de ojos\"> Leer m\u00e1s\u2026<\/a><\/div>","protected":false},"author":2,"featured_media":0,"comment_status":"open","ping_status":"open","sticky":false,"template":"","format":"standard","meta":{"footnotes":""},"categories":[418,374],"tags":[132,125],"class_list":{"0":"post-2501","1":"post","2":"type-post","3":"status-publish","4":"format-standard","6":"category-from-the-president","7":"category-opinion-editorial","8":"tag-economy","9":"tag-tca"},"_links":{"self":[{"href":"https:\/\/tilt-up.org\/tilt-uptoday\/es\/wp-json\/wp\/v2\/posts\/2501","targetHints":{"allow":["GET"]}}],"collection":[{"href":"https:\/\/tilt-up.org\/tilt-uptoday\/es\/wp-json\/wp\/v2\/posts"}],"about":[{"href":"https:\/\/tilt-up.org\/tilt-uptoday\/es\/wp-json\/wp\/v2\/types\/post"}],"author":[{"embeddable":true,"href":"https:\/\/tilt-up.org\/tilt-uptoday\/es\/wp-json\/wp\/v2\/users\/2"}],"replies":[{"embeddable":true,"href":"https:\/\/tilt-up.org\/tilt-uptoday\/es\/wp-json\/wp\/v2\/comments?post=2501"}],"version-history":[{"count":9,"href":"https:\/\/tilt-up.org\/tilt-uptoday\/es\/wp-json\/wp\/v2\/posts\/2501\/revisions"}],"predecessor-version":[{"id":7496,"href":"https:\/\/tilt-up.org\/tilt-uptoday\/es\/wp-json\/wp\/v2\/posts\/2501\/revisions\/7496"}],"wp:attachment":[{"href":"https:\/\/tilt-up.org\/tilt-uptoday\/es\/wp-json\/wp\/v2\/media?parent=2501"}],"wp:term":[{"taxonomy":"category","embeddable":true,"href":"https:\/\/tilt-up.org\/tilt-uptoday\/es\/wp-json\/wp\/v2\/categories?post=2501"},{"taxonomy":"post_tag","embeddable":true,"href":"https:\/\/tilt-up.org\/tilt-uptoday\/es\/wp-json\/wp\/v2\/tags?post=2501"}],"curies":[{"name":"la hora de","href":"https:\/\/api.w.org\/{rel}","templated":true}]}}