{"id":2423,"date":"2009-06-01T15:56:05","date_gmt":"2009-06-01T20:56:05","guid":{"rendered":"http:\/\/72.167.124.155\/tilt-uptoday\/?p=2423"},"modified":"2025-11-24T16:25:34","modified_gmt":"2025-11-24T21:25:34","slug":"message-from-the-director-convention-wrap-up-tips-tweets-and-twittering","status":"publish","type":"post","link":"https:\/\/tilt-up.org\/tilt-uptoday\/es\/2009\/06\/01\/message-from-the-director-convention-wrap-up-tips-tweets-and-twittering\/","title":{"rendered":"Mensaje del director: Resumen de la convenci\u00f3n \u2014 Consejos, tuits y comentarios en Twitter"},"content":{"rendered":"<p>Ya podemos cerrar los libros de la Convenci\u00f3n Tilt-Up de 2009. Fue la convenci\u00f3n o simposio con menor asistencia en mis 16 a\u00f1os administrando la TCA. Despu\u00e9s de la merma (el dinero que pagamos por habitaciones no utilizadas que se reservan con 3 a\u00f1os de antelaci\u00f3n), fue la primera vez que registramos una p\u00e9rdida en un evento importante.<\/p>\n<p>Los tiempos econ\u00f3micos son los culpables. Eso qued\u00f3 claro en nuestra campa\u00f1a de telemarketing. Los miembros y expositores buscan reducir costos en cada paso y la educaci\u00f3n es algo que la gente siente que puede esperar, pero \u00bfpuede hacerlo?<\/p>\n<p>Dadas las ajustadas presupuestaciones, \u00bfpor qu\u00e9 deber\u00edas asistir a eventos como este? En palabras de un contratista experimentado asistente: \u201cUn presentador, en menos de un minuto de su presentaci\u00f3n de 45 minutos, comparti\u00f3 una t\u00e9cnica con placas empotradas que nos puede ahorrar el costo de asistir en cada panel que construimos\u201d. Incluso si no est\u00e1s muy ocupado, eso se puede traducir en ahorros suficientes en un solo trabajo para enviar a varias personas a nuestra convenci\u00f3n anual. \u00bfCu\u00e1l fue ese consejo? \u00a1Tendr\u00edas que haber estado all\u00ed!<\/p>\n<p>La sostenibilidad estuvo nuevamente en la agenda y probablemente estar\u00e1 en el programa de una forma u otra en el futuro previsible. La sostenibilidad en lo que respecta al concreto, es un tema con el que todos deben estar familiarizados. No se debe depender de otros para educar a sus clientes o al p\u00fablico; todos debemos hacer nuestra parte y eso incluye comprender los hechos, los problemas y los beneficios que el concreto tiene para ofrecer, as\u00ed como la capacidad de comunicarlos. La industria del concreto se est\u00e1 uniendo para abordar este problema y la pr\u00f3xima edici\u00f3n de esta columna describir\u00e1 esos esfuerzos.<\/p>\n<p>Otro tema que sin duda tendr\u00e1 m\u00e1s relevancia en el futuro es la Red Social (o Social Networking), la comunicaci\u00f3n a trav\u00e9s de Internet en sus diversas formas. La forma en que el mundo se comunica cambia todos los d\u00edas y necesitas subirte al tren o quedarte atr\u00e1s (\u00a1eso me incluye a m\u00ed!). Nuestros hijos fueron los primeros usuarios de las redes sociales. Era una forma en que pod\u00edan mantener a sus amigos informados de cada pensamiento y matiz de sus vidas. Sin embargo, ha evolucionado mucho m\u00e1s all\u00e1 de eso.<\/p>\n<p>Twitter y los mensajes de texto son ahora la forma m\u00e1s r\u00e1pida de mantener a los asociados al tanto de todo, desde el postor m\u00e1s bajo en un trabajo (o recibir esa oferta de \u00faltimo minuto) hasta avisar a alguien que podr\u00edas llegar tarde a una reuni\u00f3n, sin la molestia de llamar. Los mensajes son instant\u00e1neos, pero las respuestas, si son necesarias, pueden ser cuando te sea conveniente.<\/p>\n<p>Me considero un adoptante temprano de nuevas tecnolog\u00edas, pero he sido reacio en lo que respecta a las redes sociales, y todav\u00eda lo soy. Tengo p\u00e1ginas en Facebook, una cuenta de LinkedIn y, para cuando leas esto, tendr\u00e9 una cuenta de Twitter. He descubierto que debes usar la moderaci\u00f3n y el sentido com\u00fan al establecer y usar estos recursos, o encontrar\u00e1s tu tel\u00e9fono, tu PDA y tu computadora llenos de mensajes de personas de las que no necesariamente quieres saber.<\/p>\n<p>Ahora esperamos con entusiasmo la convenci\u00f3n de 2010. Se est\u00e1n haciendo algunos cambios, pero este sigue siendo su evento. Si tienen temas que les gustar\u00eda ver presentados o ideas que deber\u00edamos considerar, p\u00f3nganse en contacto con Jim Baty o conmigo.<\/p>\n<p>&nbsp;<\/p>\n<p>Ed Sauter, director ejecutivo<\/p>","protected":false},"excerpt":{"rendered":"<div class=\"mh-excerpt\">Ya podemos dar por concluida la Convenci\u00f3n Tilt-Up de 2009. Ha sido la convenci\u00f3n o simposio con menor asistencia en mis 16 a\u00f1os al frente de la TCA. Tras descontar las bajas (el dinero que pagamos por las plazas no utilizadas <a class=\"mh-excerpt-more\" href=\"https:\/\/tilt-up.org\/tilt-uptoday\/es\/2009\/06\/01\/message-from-the-director-convention-wrap-up-tips-tweets-and-twittering\/\" title=\"Mensaje del director: Resumen de la convenci\u00f3n \u2014 Consejos, tuits y comentarios en Twitter\"> Leer m\u00e1s\u2026<\/a><\/div>","protected":false},"author":2,"featured_media":0,"comment_status":"open","ping_status":"open","sticky":false,"template":"","format":"standard","meta":{"footnotes":""},"categories":[417,374],"tags":[34,132,30,112],"class_list":{"0":"post-2423","1":"post","2":"type-post","3":"status-publish","4":"format-standard","6":"category-from-the-director","7":"category-opinion-editorial","8":"tag-convention","9":"tag-economy","10":"tag-membership","11":"tag-message-from-the-director"},"_links":{"self":[{"href":"https:\/\/tilt-up.org\/tilt-uptoday\/es\/wp-json\/wp\/v2\/posts\/2423","targetHints":{"allow":["GET"]}}],"collection":[{"href":"https:\/\/tilt-up.org\/tilt-uptoday\/es\/wp-json\/wp\/v2\/posts"}],"about":[{"href":"https:\/\/tilt-up.org\/tilt-uptoday\/es\/wp-json\/wp\/v2\/types\/post"}],"author":[{"embeddable":true,"href":"https:\/\/tilt-up.org\/tilt-uptoday\/es\/wp-json\/wp\/v2\/users\/2"}],"replies":[{"embeddable":true,"href":"https:\/\/tilt-up.org\/tilt-uptoday\/es\/wp-json\/wp\/v2\/comments?post=2423"}],"version-history":[{"count":9,"href":"https:\/\/tilt-up.org\/tilt-uptoday\/es\/wp-json\/wp\/v2\/posts\/2423\/revisions"}],"predecessor-version":[{"id":7499,"href":"https:\/\/tilt-up.org\/tilt-uptoday\/es\/wp-json\/wp\/v2\/posts\/2423\/revisions\/7499"}],"wp:attachment":[{"href":"https:\/\/tilt-up.org\/tilt-uptoday\/es\/wp-json\/wp\/v2\/media?parent=2423"}],"wp:term":[{"taxonomy":"category","embeddable":true,"href":"https:\/\/tilt-up.org\/tilt-uptoday\/es\/wp-json\/wp\/v2\/categories?post=2423"},{"taxonomy":"post_tag","embeddable":true,"href":"https:\/\/tilt-up.org\/tilt-uptoday\/es\/wp-json\/wp\/v2\/tags?post=2423"}],"curies":[{"name":"la hora de","href":"https:\/\/api.w.org\/{rel}","templated":true}]}}