{"id":2366,"date":"2009-03-01T11:25:40","date_gmt":"2009-03-01T16:25:40","guid":{"rendered":"http:\/\/72.167.124.155\/tilt-uptoday\/?p=2366"},"modified":"2025-11-24T16:24:52","modified_gmt":"2025-11-24T21:24:52","slug":"message-from-the-president-are-you-green","status":"publish","type":"post","link":"https:\/\/tilt-up.org\/tilt-uptoday\/es\/2009\/03\/01\/message-from-the-president-are-you-green\/","title":{"rendered":"Mensaje del presidente: \u00bfEres ecol\u00f3gico?"},"content":{"rendered":"<p>No estoy seguro si ser\u00e1 lo mismo para ti, pero no he visto una palabra tan sobreutilizada en nuestro mundo cotidiano como la palabra VERDE. Por dondequiera que miro, veo \"verde\" aqu\u00ed y \"verde\" all\u00e1. Tenemos casas verdes, autos verdes, papel de ba\u00f1o verde; incluso las hamburguesas que compramos en McDonald's ahora son verdes. Al menos por una u otra raz\u00f3n...<\/p>\n<p>Entonces, \u00bfqu\u00e9 significa ser \u201cverde\u201d para ti, para m\u00ed y para la industria de Tilt-Up? Personalmente, si no soy \u201cverde\u201d, parece que de alguna manera no estoy a la vanguardia de la tecnolog\u00eda de la construcci\u00f3n y la empresa para la que trabajo podr\u00eda no estar tan bien posicionada en el mercado como algunos de nuestros competidores \u201cverdes\u201d. Lo que antes era un diferenciador para m\u00ed y para mi empresa se est\u00e1 volviendo com\u00fan, un verdadero est\u00e1ndar, si se quiere. Por ejemplo, \u00bfest\u00e1s acreditado por LEED? Este es un logro significativo que puede reforzar tu nivel de \"verdor\", si as\u00ed lo deseas. El oto\u00f1o pasado, como empresa, hicimos un gran esfuerzo para que nuestra gente obtuviera la acreditaci\u00f3n LEED. Ahora tenemos 52 profesionales acreditados por LEED en nuestro personal.<\/p>\n<p>Supuestamente, estoy verde en su totalidad despu\u00e9s de haber dedicado aproximadamente 60 horas, la mayor parte de mi tiempo libre, a estudiar para el examen LEED V2.2, \u00a1y lo aprob\u00e9! Ten cuidado; no des por sentado ese examen. Es dif\u00edcil. Pero, de hecho, siento que reforz\u00f3 mi conocimiento y comprensi\u00f3n sobre c\u00f3mo aplicar principios sostenibles reales en los proyectos que dise\u00f1amos y construimos. Solo tengo que admitir que... no recuerdo mucho de lo que pas\u00e9 todo ese tiempo estudiando...<\/p>\n<p>\u00bfEs el Tilt-Up ecol\u00f3gico? \u00bfEs sostenible? Seg\u00fan el Diccionario Webster, sostenible significa \u201c....usar un recurso de tal manera que el recurso no se agote ni se da\u00f1e permanentemente\u201d. Me dedico a la construcci\u00f3n, as\u00ed que por defecto no soy un cient\u00edfico espacial. Pero al ver esa definici\u00f3n, me pregunto si al seleccionar materiales para un proyecto de construcci\u00f3n \u201cecol\u00f3gico\u201d o \u201csostenible\u201d simplemente estamos eligiendo el mal menor entre muchos. CADA proyecto consume o agota recursos por su propia naturaleza. Es cu\u00e1nto lo hacemos y con qu\u00e9 materiales utilizamos lo que marca la diferencia. Creo que los paneles de concreto Tilt-Up que utilizan agregados y materiales reciclados obtenidos a trav\u00e9s de un proceso que minimiz\u00f3 el impacto ambiental son significativamente sostenibles. Adem\u00e1s, \u00bfcu\u00e1nto tiempo crees que durar\u00e1 un edificio Tilt-Up en comparaci\u00f3n con sus competidores? A eso se le suman los beneficios t\u00e9rmicos potenciales y obtienes un producto ecol\u00f3gico. \u00bfNo est\u00e1s de acuerdo?<\/p>\n<p>En resumen, puede que no te hayas dado cuenta, pero eres VERDE. Ahora el objetivo es c\u00f3mo convertir tu verdura en el verde real que nos importa: DINERO. Ed\u00facate sobre el producto o servicio que est\u00e1s vendiendo y luego promu\u00e9velo. Una forma de aprender esto es asistir a la Convenci\u00f3n TCA de este a\u00f1o en Amelia Island, Florida, del 30 de septiembre al 2 de octubre. Presentaremos sobre este tema y muchos otros para ayudarte a mejorar tu negocio en estos tiempos dif\u00edciles. Espero verte all\u00ed.<\/p>\n<p>Jim MacKinnon, presidente<\/p>\n<p>Junta Directiva de la TCA<\/p>","protected":false},"excerpt":{"rendered":"<div class=\"mh-excerpt\">No s\u00e9 si te pasa lo mismo que a m\u00ed, pero no he visto ninguna palabra tan manida en nuestro d\u00eda a d\u00eda como la palabra \u00abVERDE\u00bb. Miro donde miro y veo verde por todas partes. Nosotros <a class=\"mh-excerpt-more\" href=\"https:\/\/tilt-up.org\/tilt-uptoday\/es\/2009\/03\/01\/message-from-the-president-are-you-green\/\" title=\"Mensaje del presidente: \u00bfEres ecol\u00f3gico?\"> Leer m\u00e1s\u2026<\/a><\/div>","protected":false},"author":2,"featured_media":0,"comment_status":"open","ping_status":"open","sticky":false,"template":"","format":"standard","meta":{"footnotes":""},"categories":[418,374],"tags":[143,120,23],"class_list":{"0":"post-2366","1":"post","2":"type-post","3":"status-publish","4":"format-standard","6":"category-from-the-president","7":"category-opinion-editorial","8":"tag-green","9":"tag-message-from-the-president","10":"tag-sustainability"},"_links":{"self":[{"href":"https:\/\/tilt-up.org\/tilt-uptoday\/es\/wp-json\/wp\/v2\/posts\/2366","targetHints":{"allow":["GET"]}}],"collection":[{"href":"https:\/\/tilt-up.org\/tilt-uptoday\/es\/wp-json\/wp\/v2\/posts"}],"about":[{"href":"https:\/\/tilt-up.org\/tilt-uptoday\/es\/wp-json\/wp\/v2\/types\/post"}],"author":[{"embeddable":true,"href":"https:\/\/tilt-up.org\/tilt-uptoday\/es\/wp-json\/wp\/v2\/users\/2"}],"replies":[{"embeddable":true,"href":"https:\/\/tilt-up.org\/tilt-uptoday\/es\/wp-json\/wp\/v2\/comments?post=2366"}],"version-history":[{"count":10,"href":"https:\/\/tilt-up.org\/tilt-uptoday\/es\/wp-json\/wp\/v2\/posts\/2366\/revisions"}],"predecessor-version":[{"id":7525,"href":"https:\/\/tilt-up.org\/tilt-uptoday\/es\/wp-json\/wp\/v2\/posts\/2366\/revisions\/7525"}],"wp:attachment":[{"href":"https:\/\/tilt-up.org\/tilt-uptoday\/es\/wp-json\/wp\/v2\/media?parent=2366"}],"wp:term":[{"taxonomy":"category","embeddable":true,"href":"https:\/\/tilt-up.org\/tilt-uptoday\/es\/wp-json\/wp\/v2\/categories?post=2366"},{"taxonomy":"post_tag","embeddable":true,"href":"https:\/\/tilt-up.org\/tilt-uptoday\/es\/wp-json\/wp\/v2\/tags?post=2366"}],"curies":[{"name":"la hora de","href":"https:\/\/api.w.org\/{rel}","templated":true}]}}