{"id":2308,"date":"2010-11-01T13:14:59","date_gmt":"2010-11-01T18:14:59","guid":{"rendered":"http:\/\/72.167.124.155\/tilt-uptoday\/?p=2308"},"modified":"2015-06-08T02:55:41","modified_gmt":"2015-06-08T07:55:41","slug":"robert-libs","status":"publish","type":"post","link":"https:\/\/tilt-up.org\/tilt-uptoday\/es\/2010\/11\/01\/robert-libs\/","title":{"rendered":"Robert Libs"},"content":{"rendered":"<div>\n<div>\n<p>Robert E. Libs, miembro de la TCA, de 69 a\u00f1os, de Floyds Knobs, Indiana, falleci\u00f3 el viernes 24 de septiembre de 2010. Este nativo del condado de Floyd se gradu\u00f3 de la Escuela Secundaria Providence y asisti\u00f3 a la Universidad de Purdue antes de regresar a casa para ayudar a administrar el negocio familiar, Arthur M. Libs &amp; Sons. Bob ayud\u00f3 a convertir el negocio en una importante empresa contratista galardonada, ahora llamada AML, que es administrada por su hijo, Bobby Libs, su hija, Chrys Blakeman, y Scott Welch. Bob tambi\u00e9n desarroll\u00f3 varios proyectos inmobiliarios. M\u00e1s importante a\u00fan, estaba muy involucrado con su familia, amigos y comunidad, habiendo ayudado a establecer el Hogar Infantil Arca de No\u00e9 para ni\u00f1os en situaci\u00f3n de riesgo, y colabor\u00f3 con el Centro Oncol\u00f3gico Simon, donde se estableci\u00f3 un programa de musicoterapia en nombre de Robert y Carol Libs, as\u00ed como con otras organizaciones filantr\u00f3picas. Fue nombrado miembro del C\u00edrculo de Presidentes de la Universidad de Indiana y fue miembro de la junta directiva de la Fundaci\u00f3n contra el C\u00e1ncer de la Universidad de Indiana. Bob tambi\u00e9n form\u00f3 parte de la junta directiva del First Savings Bank durante 18 a\u00f1os, fue miembro de la Floyd County Sheriff\u2019s Posse, practicante de lazo en equipo y miembro de los Caballeros de Col\u00f3n en New Albany, adem\u00e1s de un \u00e1vido golfista y tenista.<\/p>\n<\/div>\n<\/div>","protected":false},"excerpt":{"rendered":"<div class=\"mh-excerpt\">El miembro de TCA Robert E. Libs, de 69 a\u00f1os, de Floyds Knobs, Indiana, falleci\u00f3 el viernes 24 de septiembre de 2010. El nativo del condado de Floyd se gradu\u00f3 de Providence High School y asisti\u00f3 a la Universidad de Purdue antes de regresar a casa para ayudar. <a class=\"mh-excerpt-more\" href=\"https:\/\/tilt-up.org\/tilt-uptoday\/es\/2010\/11\/01\/robert-libs\/\" title=\"Robert Libs\"> Leer m\u00e1s\u2026<\/a><\/div>","protected":false},"author":2,"featured_media":0,"comment_status":"open","ping_status":"open","sticky":false,"template":"","format":"standard","meta":{"footnotes":""},"categories":[1],"tags":[47,27,30],"class_list":{"0":"post-2308","1":"post","2":"type-post","3":"status-publish","4":"format-standard","6":"category-uncategorized","7":"tag-achievement","8":"tag-community","9":"tag-membership"},"_links":{"self":[{"href":"https:\/\/tilt-up.org\/tilt-uptoday\/es\/wp-json\/wp\/v2\/posts\/2308","targetHints":{"allow":["GET"]}}],"collection":[{"href":"https:\/\/tilt-up.org\/tilt-uptoday\/es\/wp-json\/wp\/v2\/posts"}],"about":[{"href":"https:\/\/tilt-up.org\/tilt-uptoday\/es\/wp-json\/wp\/v2\/types\/post"}],"author":[{"embeddable":true,"href":"https:\/\/tilt-up.org\/tilt-uptoday\/es\/wp-json\/wp\/v2\/users\/2"}],"replies":[{"embeddable":true,"href":"https:\/\/tilt-up.org\/tilt-uptoday\/es\/wp-json\/wp\/v2\/comments?post=2308"}],"version-history":[{"count":9,"href":"https:\/\/tilt-up.org\/tilt-uptoday\/es\/wp-json\/wp\/v2\/posts\/2308\/revisions"}],"predecessor-version":[{"id":7464,"href":"https:\/\/tilt-up.org\/tilt-uptoday\/es\/wp-json\/wp\/v2\/posts\/2308\/revisions\/7464"}],"wp:attachment":[{"href":"https:\/\/tilt-up.org\/tilt-uptoday\/es\/wp-json\/wp\/v2\/media?parent=2308"}],"wp:term":[{"taxonomy":"category","embeddable":true,"href":"https:\/\/tilt-up.org\/tilt-uptoday\/es\/wp-json\/wp\/v2\/categories?post=2308"},{"taxonomy":"post_tag","embeddable":true,"href":"https:\/\/tilt-up.org\/tilt-uptoday\/es\/wp-json\/wp\/v2\/tags?post=2308"}],"curies":[{"name":"la hora de","href":"https:\/\/api.w.org\/{rel}","templated":true}]}}