{"id":2301,"date":"2010-11-01T10:41:19","date_gmt":"2010-11-01T15:41:19","guid":{"rendered":"http:\/\/72.167.124.155\/tilt-uptoday\/?p=2301"},"modified":"2025-11-24T16:25:32","modified_gmt":"2025-11-24T21:25:32","slug":"tca-welcomes-new-employee","status":"publish","type":"post","link":"https:\/\/tilt-up.org\/tilt-uptoday\/es\/2010\/11\/01\/tca-welcomes-new-employee\/","title":{"rendered":"TCA da la bienvenida a un nuevo empleado"},"content":{"rendered":"<div>\n<p>TCA aument\u00f3 su personal en casi 100% a partir del 1 de agosto.<\/p>\n<p>Mitch Bloomquist, originario de Cedar Rapids, Iowa, se ha unido al equipo de gesti\u00f3n de Sauter Baty como empleado a tiempo completo de la TCA. La experiencia y formaci\u00f3n de Mitch es similar a la de Jim y la m\u00eda, ya que su educaci\u00f3n fue en arquitectura. Despu\u00e9s de trabajar un par de a\u00f1os en una firma de Cedar Rapids, Mitch decidi\u00f3 que estaba listo para un desaf\u00edo mayor y un cambio en su carrera profesional. Mitch no era nuevo para nosotros, ya que hizo pr\u00e1cticas en la Comisi\u00f3n de la Ciudad de Mount Vernon durante sus veranos (trabajando en nuestra oficina) mientras asist\u00eda al Cornell College en Mount Vernon. Termin\u00f3 su educaci\u00f3n en la Universidad de Washington en Saint Louis.<\/p>\n<p>Tenemos que \"desense\u00f1ar\" a Mitch lo que aprendi\u00f3 en la escuela de arquitectura y mientras trabajaba para un arquitecto, pero Mitch aprende r\u00e1pido. Lo que no podamos deshacer, veremos si podemos conseguir que algunos de nuestros miembros contratistas lo encarrilen. La personalidad, \u00e9tica de trabajo y dedicaci\u00f3n de Mitch son algo que hemos estado buscando en los \u00faltimos a\u00f1os. Nos cae bien y creemos que a ti tambi\u00e9n.<\/p>\n<p>Aumentar nuestros gastos generales mientras la econom\u00eda flaquea podr\u00eda considerarse un riesgo, pero, como dijo un miembro de la junta, para eso construimos nuestras reservas. Como la mayor\u00eda de ustedes sabe, el volumen de negocios puede haber disminuido, pero la cantidad de trabajo por empleado es tan alta, si no m\u00e1s, que antes de la desaceleraci\u00f3n.<\/p>\n<p>Las responsabilidades iniciales de Mitch ser\u00e1n los programas de premios y las publicaciones. M\u00e1s adelante, se encargar\u00e1 de la planificaci\u00f3n de reuniones, del enlace con comit\u00e9s y, a medida que se familiarice m\u00e1s con los detalles del Tilt-Up, de algunas tareas t\u00e9cnicas y de miembros. Jim y yo continuaremos encarg\u00e1ndonos del golf, el vino, el caf\u00e9 y otras responsabilidades relacionadas.<\/p>\n<\/div>\n<div>\n<p>Si tus planes este invierno incluyen un viaje al World of Concrete, aseg\u00farate de pasar a conocer a Mitch. \u00c9l ser\u00e1 quien haga todo el trabajo. Puedes contactarlo en nuestra oficina al n\u00famero 319-895-6911 o en mbloomquist@tilt-up.org.<\/p>\n<p>Ed Sauter, director ejecutivo<\/p>\n<\/div>","protected":false},"excerpt":{"rendered":"<div class=\"mh-excerpt\">TCA increment\u00f3 su personal en casi 100% a partir del 1.\u00ba de agosto. Mitch Bloomquist, originario de Cedar Rapids, Iowa, se ha unido al equipo de gesti\u00f3n de Sauter Baty como empleado a tiempo completo de TCA. La experiencia y formaci\u00f3n de Mitch <a class=\"mh-excerpt-more\" href=\"https:\/\/tilt-up.org\/tilt-uptoday\/es\/2010\/11\/01\/tca-welcomes-new-employee\/\" title=\"TCA da la bienvenida a un nuevo empleado\"> Leer m\u00e1s\u2026<\/a><\/div>","protected":false},"author":2,"featured_media":0,"comment_status":"open","ping_status":"open","sticky":false,"template":"","format":"standard","meta":{"footnotes":""},"categories":[417,1],"tags":[112,130,125],"class_list":{"0":"post-2301","1":"post","2":"type-post","3":"status-publish","4":"format-standard","6":"category-from-the-director","7":"category-uncategorized","8":"tag-message-from-the-director","9":"tag-new-employee","10":"tag-tca"},"_links":{"self":[{"href":"https:\/\/tilt-up.org\/tilt-uptoday\/es\/wp-json\/wp\/v2\/posts\/2301","targetHints":{"allow":["GET"]}}],"collection":[{"href":"https:\/\/tilt-up.org\/tilt-uptoday\/es\/wp-json\/wp\/v2\/posts"}],"about":[{"href":"https:\/\/tilt-up.org\/tilt-uptoday\/es\/wp-json\/wp\/v2\/types\/post"}],"author":[{"embeddable":true,"href":"https:\/\/tilt-up.org\/tilt-uptoday\/es\/wp-json\/wp\/v2\/users\/2"}],"replies":[{"embeddable":true,"href":"https:\/\/tilt-up.org\/tilt-uptoday\/es\/wp-json\/wp\/v2\/comments?post=2301"}],"version-history":[{"count":11,"href":"https:\/\/tilt-up.org\/tilt-uptoday\/es\/wp-json\/wp\/v2\/posts\/2301\/revisions"}],"predecessor-version":[{"id":7466,"href":"https:\/\/tilt-up.org\/tilt-uptoday\/es\/wp-json\/wp\/v2\/posts\/2301\/revisions\/7466"}],"wp:attachment":[{"href":"https:\/\/tilt-up.org\/tilt-uptoday\/es\/wp-json\/wp\/v2\/media?parent=2301"}],"wp:term":[{"taxonomy":"category","embeddable":true,"href":"https:\/\/tilt-up.org\/tilt-uptoday\/es\/wp-json\/wp\/v2\/categories?post=2301"},{"taxonomy":"post_tag","embeddable":true,"href":"https:\/\/tilt-up.org\/tilt-uptoday\/es\/wp-json\/wp\/v2\/tags?post=2301"}],"curies":[{"name":"la hora de","href":"https:\/\/api.w.org\/{rel}","templated":true}]}}