{"id":2031,"date":"2013-03-14T08:48:36","date_gmt":"2013-03-14T13:48:36","guid":{"rendered":"http:\/\/72.167.124.155\/tilt-uptoday\/?p=2031"},"modified":"2015-06-08T02:32:25","modified_gmt":"2015-06-08T07:32:25","slug":"the-korte-companys-healthcare-group-welcomes-bill-yearout","status":"publish","type":"post","link":"https:\/\/tilt-up.org\/tilt-uptoday\/es\/2013\/03\/14\/the-korte-companys-healthcare-group-welcomes-bill-yearout\/","title":{"rendered":"El Grupo de Salud de The Korte Company da la bienvenida a Bill Yearout"},"content":{"rendered":"<p><a href=\"http:\/\/tilt-up.org\/tilt-uptoday\/wp-content\/uploads\/2013\/03\/bill-yearout.jpg\"><img loading=\"lazy\" decoding=\"async\" class=\"alignright size-thumbnail wp-image-2032\" title=\"Bill Yearout\" src=\"http:\/\/tilt-up.org\/tilt-uptoday\/wp-content\/uploads\/2013\/03\/bill-yearout-290x290.jpg\" alt=\"\" width=\"290\" height=\"290\" srcset=\"https:\/\/tilt-up.org\/tilt-uptoday\/wp-content\/uploads\/2013\/03\/bill-yearout-290x290.jpg 290w, https:\/\/tilt-up.org\/tilt-uptoday\/wp-content\/uploads\/2013\/03\/bill-yearout-300x300.jpg 300w, https:\/\/tilt-up.org\/tilt-uptoday\/wp-content\/uploads\/2013\/03\/bill-yearout-1024x1024.jpg 1024w, https:\/\/tilt-up.org\/tilt-uptoday\/wp-content\/uploads\/2013\/03\/bill-yearout-768x768.jpg 768w, https:\/\/tilt-up.org\/tilt-uptoday\/wp-content\/uploads\/2013\/03\/bill-yearout.jpg 1500w\" sizes=\"auto, (max-width: 290px) 100vw, 290px\" \/><\/a>La Korte Company da la bienvenida a Bill Yearout a la organizaci\u00f3n. Aportar\u00e1 m\u00e1s de 17 a\u00f1os de experiencia en la industria de la construcci\u00f3n a su puesto reci\u00e9n creado dentro de la firma.\u00a0<a href=\"http:\/\/www.korteco.com\/medical-facility-construction\" target=\"_blank\" rel=\"noopener\">Atenci\u00f3n m\u00e9dica <\/a>Divisi\u00f3n. M\u00e1s de 15 de esos a\u00f1os se han dedicado al sector de viviendas para personas mayores y 11 a la industria espec\u00edfica de la salud.<\/p>\n<p>El Sr. Yearout tiene un t\u00edtulo en ingenier\u00eda de la Universidad Northwestern y un MBA de la <a href=\"http:\/\/www.kellogg.northwestern.edu\/\" target=\"_blank\" rel=\"noopener\">Kellogg School of Management<\/a>. \u201cLa experiencia de Bill, tanto en las industrias de la construcci\u00f3n como de la atenci\u00f3n m\u00e9dica, ayudar\u00e1 a facilitar nuestra continua b\u00fasqueda de oportunidades relacionadas con la atenci\u00f3n m\u00e9dica\u201d, declar\u00f3 Todd Korte, presidente y director ejecutivo de The Korte Company.<\/p>\n<p>The Korte Company, fundada en 1958, se especializa en <a href=\"http:\/\/www.korteco.com\/design-build\" target=\"_blank\" rel=\"noopener\">Dise\u00f1o-construcci\u00f3n<\/a>, gerencia de construcci\u00f3n y servicios de construcci\u00f3n, y tiene su sede principal en St. Louis, Missouri, con oficinas en Highland, Illinois, y Las Vegas, Nevada. La compa\u00f1\u00eda administra, en promedio, un volumen de construcci\u00f3n anual superior a los $330 millones.<\/p>\n<p>Un contratista general integral de dise\u00f1o y construcci\u00f3n con servicios internos de dise\u00f1o, estimaci\u00f3n, gesti\u00f3n de proyectos y construcci\u00f3n, la experiencia en proyectos de The Korte Company incluye la construcci\u00f3n para agencias gubernamentales federales, estatales y locales, as\u00ed como el dise\u00f1o y la construcci\u00f3n de <a href=\"http:\/\/www.korteco.com\/medical-facility-construction\" target=\"_blank\" rel=\"noopener\">atenci\u00f3n m\u00e9dica <\/a>instalaciones, edificios m\u00e9dicos, almacenes\/centros de distribuci\u00f3n, instalaciones religiosas, edificios comerciales, escuelas, centros recreativos y complejos de oficinas.<\/p>","protected":false},"excerpt":{"rendered":"<div class=\"mh-excerpt\">La empresa Korte da la bienvenida a Bill Yearout a la organizaci\u00f3n. Aportar\u00e1 m\u00e1s de 17 a\u00f1os de experiencia en el sector de la construcci\u00f3n a su nuevo cargo dentro de la Divisi\u00f3n de Salud de la empresa. M\u00e1s de 15 <a class=\"mh-excerpt-more\" href=\"https:\/\/tilt-up.org\/tilt-uptoday\/es\/2013\/03\/14\/the-korte-companys-healthcare-group-welcomes-bill-yearout\/\" title=\"El Grupo de Salud de The Korte Company da la bienvenida a Bill Yearout\"> Leer m\u00e1s\u2026<\/a><\/div>","protected":false},"author":2,"featured_media":0,"comment_status":"open","ping_status":"open","sticky":false,"template":"","format":"standard","meta":{"footnotes":""},"categories":[14],"tags":[33],"class_list":{"0":"post-2031","1":"post","2":"type-post","3":"status-publish","4":"format-standard","6":"category-member_news","7":"tag-jobs"},"_links":{"self":[{"href":"https:\/\/tilt-up.org\/tilt-uptoday\/es\/wp-json\/wp\/v2\/posts\/2031","targetHints":{"allow":["GET"]}}],"collection":[{"href":"https:\/\/tilt-up.org\/tilt-uptoday\/es\/wp-json\/wp\/v2\/posts"}],"about":[{"href":"https:\/\/tilt-up.org\/tilt-uptoday\/es\/wp-json\/wp\/v2\/types\/post"}],"author":[{"embeddable":true,"href":"https:\/\/tilt-up.org\/tilt-uptoday\/es\/wp-json\/wp\/v2\/users\/2"}],"replies":[{"embeddable":true,"href":"https:\/\/tilt-up.org\/tilt-uptoday\/es\/wp-json\/wp\/v2\/comments?post=2031"}],"version-history":[{"count":11,"href":"https:\/\/tilt-up.org\/tilt-uptoday\/es\/wp-json\/wp\/v2\/posts\/2031\/revisions"}],"predecessor-version":[{"id":7323,"href":"https:\/\/tilt-up.org\/tilt-uptoday\/es\/wp-json\/wp\/v2\/posts\/2031\/revisions\/7323"}],"wp:attachment":[{"href":"https:\/\/tilt-up.org\/tilt-uptoday\/es\/wp-json\/wp\/v2\/media?parent=2031"}],"wp:term":[{"taxonomy":"category","embeddable":true,"href":"https:\/\/tilt-up.org\/tilt-uptoday\/es\/wp-json\/wp\/v2\/categories?post=2031"},{"taxonomy":"post_tag","embeddable":true,"href":"https:\/\/tilt-up.org\/tilt-uptoday\/es\/wp-json\/wp\/v2\/tags?post=2031"}],"curies":[{"name":"la hora de","href":"https:\/\/api.w.org\/{rel}","templated":true}]}}