{"id":19934,"date":"2026-01-26T11:49:43","date_gmt":"2026-01-26T16:49:43","guid":{"rendered":"https:\/\/tilt-up.org\/tilt-uptoday\/?p=19934"},"modified":"2026-01-26T11:49:45","modified_gmt":"2026-01-26T16:49:45","slug":"from-attendance-to-opportunity","status":"publish","type":"post","link":"https:\/\/tilt-up.org\/tilt-uptoday\/es\/2026\/01\/26\/from-attendance-to-opportunity\/","title":{"rendered":"De la asistencia a la oportunidad"},"content":{"rendered":"<figure class=\"wp-block-image size-large\"><img loading=\"lazy\" decoding=\"async\" width=\"1024\" height=\"576\" src=\"https:\/\/tilt-up.org\/tilt-uptoday\/wp-content\/uploads\/2026\/01\/590_PhotographyG0823-1024x576.jpg\" alt=\"\" class=\"wp-image-19935\" srcset=\"https:\/\/tilt-up.org\/tilt-uptoday\/wp-content\/uploads\/2026\/01\/590_PhotographyG0823-1024x576.jpg 1024w, https:\/\/tilt-up.org\/tilt-uptoday\/wp-content\/uploads\/2026\/01\/590_PhotographyG0823-300x169.jpg 300w, https:\/\/tilt-up.org\/tilt-uptoday\/wp-content\/uploads\/2026\/01\/590_PhotographyG0823-768x432.jpg 768w, https:\/\/tilt-up.org\/tilt-uptoday\/wp-content\/uploads\/2026\/01\/590_PhotographyG0823-1536x864.jpg 1536w, https:\/\/tilt-up.org\/tilt-uptoday\/wp-content\/uploads\/2026\/01\/590_PhotographyG0823-2048x1152.jpg 2048w, https:\/\/tilt-up.org\/tilt-uptoday\/wp-content\/uploads\/2026\/01\/590_PhotographyG0823-678x381.jpg 678w\" sizes=\"auto, (max-width: 1024px) 100vw, 1024px\" \/><\/figure>\n\n\n\n<p class=\"has-cyan-bluish-gray-color has-text-color has-link-color has-small-font-size wp-elements-36b3f8f966d4b00f9dbae94376d85882\">El sal\u00f3n de exposiciones de la Tilt-Up Convention and Expo, Nashville, Tennessee (octubre de 2025).<\/p>\n\n\n\n<p>El sal\u00f3n de exposiciones ha sido fundamental en la experiencia de la convenci\u00f3n. A medida que el evento contin\u00faa evolucionando, la Convenci\u00f3n y Expo Tilt-Up se enfoca en alinear mejor la participaci\u00f3n en el piso de exhibici\u00f3n con el profesionalismo, la intenci\u00f3n y la experiencia ya presentes en todo el evento.<\/p>\n\n\n\n<p>La Convenci\u00f3n y Expo Tilt-Up se define por una base s\u00f3lida: alta asistencia, un programa educativo robusto y la participaci\u00f3n constante de l\u00edderes s\u00e9nior de la comunidad de dise\u00f1o, construcci\u00f3n y proveedur\u00eda. Sigue siendo una de las plataformas de encuentro m\u00e1s efectivas de la industria, reuniendo a las personas y perspectivas que dan forma a la construcci\u00f3n tilt-up.<\/p>\n\n\n\n<p>Dentro de esa base, el sal\u00f3n de exposiciones representa una de las oportunidades m\u00e1s significativas para fortalecer a\u00fan m\u00e1s la experiencia de la convenci\u00f3n.<\/p>\n\n\n\n<h3 class=\"wp-block-heading\">Una oportunidad subutilizada<\/h3>\n\n\n\n<p>La sala de exhibici\u00f3n ya es central para el prop\u00f3sito del evento. Es donde los productos, tecnolog\u00edas y servicios se encuentran con la aplicaci\u00f3n en el mundo real, y donde a menudo comienzan las relaciones que apoyan proyectos futuros. Los asistentes expresan consistentemente aprecio tanto por la sala de exhibici\u00f3n como por las empresas que all\u00ed se representan.<\/p>\n\n\n\n<p>Al mismo tiempo, la experiencia sugiere que hay un valor adicional que se puede desbloquear al alinear mejor c\u00f3mo se estructura y percibe el tiempo en la sala de exposiciones con la forma en que los profesionales priorizan naturalmente su trabajo durante las convenciones. Esto se trata menos de generar m\u00e1s actividad y m\u00e1s de asegurar que la participaci\u00f3n en el piso de exhibici\u00f3n se sienta con prop\u00f3sito, intencional y profesionalmente leg\u00edtima.<\/p>\n\n\n\n<h3 class=\"wp-block-heading\">Compromiso como Trabajo Profesional<\/h3>\n\n\n\n<p>Los profesionales que asisten a una convenci\u00f3n toman decisiones deliberadas sobre c\u00f3mo asignar su tiempo limitado. Las actividades que se presentan claramente como esenciales (sesiones educativas, reuniones y responsabilidades de gobierno) se priorizan en consecuencia. Otras actividades, incluso cuando son valiosas, pueden volverse secundarias si su prop\u00f3sito no est\u00e1 claramente definido.<\/p>\n\n\n\n<p>Optimizar la participaci\u00f3n en la sala de exposiciones, entonces, no se trata de a\u00f1adir m\u00e1s tiempo o fomentar m\u00e1s movimiento. Se trata de aclarar la intenci\u00f3n. Cuando la participaci\u00f3n es intencionada \u2014centrada en desaf\u00edos reales del proyecto, necesidades emergentes y colaboraci\u00f3n futura\u2014 se convierte en una extensi\u00f3n natural del trabajo profesional en lugar de un complemento opcional.<\/p>\n\n\n\n<p>La experiencia en muchos eventos sugiere que la estructura y la claridad importan m\u00e1s que el tiempo por s\u00ed solo. Los momentos de participaci\u00f3n bien definidos ayudan a los asistentes a acercarse al sal\u00f3n de exposiciones con concentraci\u00f3n y preparaci\u00f3n, mientras que el tiempo \u201cabierto\u201d poco definido puede se\u00f1alar involuntariamente flexibilidad en lugar de importancia.<\/p>\n\n\n\n<figure class=\"wp-block-gallery has-nested-images columns-default is-cropped wp-block-gallery-1 is-layout-flex wp-block-gallery-is-layout-flex\">\n<figure class=\"wp-block-image size-large\"><img loading=\"lazy\" decoding=\"async\" width=\"1024\" height=\"683\" data-id=\"19937\" src=\"https:\/\/tilt-up.org\/tilt-uptoday\/wp-content\/uploads\/2026\/01\/233_PhotographyG1774-1024x683.jpg\" alt=\"\" class=\"wp-image-19937\" style=\"aspect-ratio:3\/2\" srcset=\"https:\/\/tilt-up.org\/tilt-uptoday\/wp-content\/uploads\/2026\/01\/233_PhotographyG1774-1024x683.jpg 1024w, https:\/\/tilt-up.org\/tilt-uptoday\/wp-content\/uploads\/2026\/01\/233_PhotographyG1774-300x200.jpg 300w, https:\/\/tilt-up.org\/tilt-uptoday\/wp-content\/uploads\/2026\/01\/233_PhotographyG1774-768x512.jpg 768w, https:\/\/tilt-up.org\/tilt-uptoday\/wp-content\/uploads\/2026\/01\/233_PhotographyG1774-1536x1024.jpg 1536w, https:\/\/tilt-up.org\/tilt-uptoday\/wp-content\/uploads\/2026\/01\/233_PhotographyG1774-2048x1365.jpg 2048w\" sizes=\"auto, (max-width: 1024px) 100vw, 1024px\" \/><\/figure>\n\n\n\n<figure class=\"wp-block-image size-large\"><img loading=\"lazy\" decoding=\"async\" width=\"1024\" height=\"683\" data-id=\"19936\" src=\"https:\/\/tilt-up.org\/tilt-uptoday\/wp-content\/uploads\/2026\/01\/447_PhotographyG0516-1024x683.jpg\" alt=\"\" class=\"wp-image-19936\" style=\"aspect-ratio:3\/2\" srcset=\"https:\/\/tilt-up.org\/tilt-uptoday\/wp-content\/uploads\/2026\/01\/447_PhotographyG0516-1024x683.jpg 1024w, https:\/\/tilt-up.org\/tilt-uptoday\/wp-content\/uploads\/2026\/01\/447_PhotographyG0516-300x200.jpg 300w, https:\/\/tilt-up.org\/tilt-uptoday\/wp-content\/uploads\/2026\/01\/447_PhotographyG0516-768x512.jpg 768w, https:\/\/tilt-up.org\/tilt-uptoday\/wp-content\/uploads\/2026\/01\/447_PhotographyG0516-1536x1024.jpg 1536w, https:\/\/tilt-up.org\/tilt-uptoday\/wp-content\/uploads\/2026\/01\/447_PhotographyG0516-2048x1365.jpg 2048w\" sizes=\"auto, (max-width: 1024px) 100vw, 1024px\" \/><\/figure>\n<\/figure>\n\n\n\n<h3 class=\"wp-block-heading\">Dise\u00f1o para la alineaci\u00f3n<\/h3>\n\n\n\n<p>Es importante destacar que este trabajo no se trata de forzar la participaci\u00f3n ni de crear expectativas transaccionales. Se trata de alineaci\u00f3n: acercar el sal\u00f3n de exhibiciones a la armon\u00eda del profesionalismo y la intencionalidad que ya definen el resto de la convenci\u00f3n.<\/p>\n\n\n\n<p>Optimizar las oportunidades en el sal\u00f3n de exposiciones significa crear las condiciones para que la interacci\u00f3n tenga un prop\u00f3sito claro, las conversaciones se basen en aplicaciones pr\u00e1cticas, los asistentes acudan con preguntas o retos espec\u00edficos en mente y los expositores se encuentren con una curiosidad bien informada y un di\u00e1logo constructivo.<\/p>\n\n\n\n<p>Para lograrlo, se requiere un enfoque coordinado que tenga en cuenta el espacio, el calendario y las expectativas de manera conjunta, en lugar de basarse en una \u00fanica estrategia. El objetivo no es reinventar la sala de exposiciones, sino potenciar al m\u00e1ximo su papel dentro de un evento que ya es s\u00f3lido.<\/p>\n\n\n\n<figure class=\"wp-block-image size-large\"><img loading=\"lazy\" decoding=\"async\" width=\"1024\" height=\"683\" src=\"https:\/\/tilt-up.org\/tilt-uptoday\/wp-content\/uploads\/2026\/01\/226_PhotographyG1761-1024x683.jpg\" alt=\"\" class=\"wp-image-19938\" style=\"aspect-ratio:16\/9;object-fit:cover\" srcset=\"https:\/\/tilt-up.org\/tilt-uptoday\/wp-content\/uploads\/2026\/01\/226_PhotographyG1761-1024x683.jpg 1024w, https:\/\/tilt-up.org\/tilt-uptoday\/wp-content\/uploads\/2026\/01\/226_PhotographyG1761-300x200.jpg 300w, https:\/\/tilt-up.org\/tilt-uptoday\/wp-content\/uploads\/2026\/01\/226_PhotographyG1761-768x512.jpg 768w, https:\/\/tilt-up.org\/tilt-uptoday\/wp-content\/uploads\/2026\/01\/226_PhotographyG1761-1536x1024.jpg 1536w, https:\/\/tilt-up.org\/tilt-uptoday\/wp-content\/uploads\/2026\/01\/226_PhotographyG1761-2048x1365.jpg 2048w\" sizes=\"auto, (max-width: 1024px) 100vw, 1024px\" \/><\/figure>\n\n\n\n<h3 class=\"wp-block-heading\">Mirando hacia el futuro<\/h3>\n\n\n\n<p>Fortalecer la participaci\u00f3n en el sal\u00f3n de exhibiciones es una oportunidad compartida en toda la industria. Proveedores, fabricantes y distribuidores desempe\u00f1an un papel vital en el avance de la construcci\u00f3n con muros de concreto precolados, al igual que los contratistas, arquitectos e ingenieros conf\u00edan en esos socios para entregar mejores proyectos. El sal\u00f3n de exhibiciones es donde ese intercambio es m\u00e1s visible, y donde su potencial puede realizarse a\u00fan m\u00e1s.<\/p>\n\n\n\n<p>A medida que la Tilt-Up Convention and Expo contin\u00faa evolucionando, los esfuerzos futuros reflejar\u00e1n la intenci\u00f3n de alinear mejor c\u00f3mo se invierte el tiempo con las oportunidades ya presentes. Se compartir\u00e1n m\u00e1s detalles sobre c\u00f3mo se reflejar\u00e1 esta forma de pensar en la experiencia de la convenci\u00f3n en los pr\u00f3ximos meses.<\/p>\n\n\n\n<p><\/p>\n\n\n\n<p>Asociaci\u00f3n de Hormig\u00f3n Tilt-Up<\/p>\n\n\n\n<p><\/p>","protected":false},"excerpt":{"rendered":"<div class=\"mh-excerpt\">La sala de exposiciones es un elemento central de la Convenci\u00f3n y Exposici\u00f3n Tilt-Up, pero su potencial sigue sin aprovecharse al m\u00e1ximo. Si se logran armonizar mejor la estructura, el prop\u00f3sito y las expectativas con la forma en que los profesionales priorizan su tiempo, la participaci\u00f3n en la sala de exposiciones puede convertirse en una extensi\u00f3n significativa de la labor profesional, lo que fortalecer\u00e1 las conexiones, las conversaciones y la colaboraci\u00f3n a largo plazo dentro del sector.<\/div>\n<p> <a class=\"mh-excerpt-more\" href=\"https:\/\/tilt-up.org\/tilt-uptoday\/es\/2026\/01\/26\/from-attendance-to-opportunity\/\" title=\"De la asistencia a la oportunidad\"> Leer m\u00e1s\u2026<\/a><\/p>","protected":false},"author":3,"featured_media":19935,"comment_status":"open","ping_status":"open","sticky":false,"template":"","format":"standard","meta":{"footnotes":""},"categories":[374,375],"tags":[508,507,505,504,446,395,506,483],"class_list":{"0":"post-19934","1":"post","2":"type-post","3":"status-publish","4":"format-standard","5":"has-post-thumbnail","7":"category-opinion-editorial","8":"category-community-culture","9":"tag-association-events","10":"tag-construction-leadership","11":"tag-event-strategy","12":"tag-exhibit-hall","13":"tag-industry-engagement","14":"tag-professional-development","15":"tag-supplier-relations","16":"tag-tilt-up-convention-and-expo"},"_links":{"self":[{"href":"https:\/\/tilt-up.org\/tilt-uptoday\/es\/wp-json\/wp\/v2\/posts\/19934","targetHints":{"allow":["GET"]}}],"collection":[{"href":"https:\/\/tilt-up.org\/tilt-uptoday\/es\/wp-json\/wp\/v2\/posts"}],"about":[{"href":"https:\/\/tilt-up.org\/tilt-uptoday\/es\/wp-json\/wp\/v2\/types\/post"}],"author":[{"embeddable":true,"href":"https:\/\/tilt-up.org\/tilt-uptoday\/es\/wp-json\/wp\/v2\/users\/3"}],"replies":[{"embeddable":true,"href":"https:\/\/tilt-up.org\/tilt-uptoday\/es\/wp-json\/wp\/v2\/comments?post=19934"}],"version-history":[{"count":1,"href":"https:\/\/tilt-up.org\/tilt-uptoday\/es\/wp-json\/wp\/v2\/posts\/19934\/revisions"}],"predecessor-version":[{"id":19939,"href":"https:\/\/tilt-up.org\/tilt-uptoday\/es\/wp-json\/wp\/v2\/posts\/19934\/revisions\/19939"}],"wp:featuredmedia":[{"embeddable":true,"href":"https:\/\/tilt-up.org\/tilt-uptoday\/es\/wp-json\/wp\/v2\/media\/19935"}],"wp:attachment":[{"href":"https:\/\/tilt-up.org\/tilt-uptoday\/es\/wp-json\/wp\/v2\/media?parent=19934"}],"wp:term":[{"taxonomy":"category","embeddable":true,"href":"https:\/\/tilt-up.org\/tilt-uptoday\/es\/wp-json\/wp\/v2\/categories?post=19934"},{"taxonomy":"post_tag","embeddable":true,"href":"https:\/\/tilt-up.org\/tilt-uptoday\/es\/wp-json\/wp\/v2\/tags?post=19934"}],"curies":[{"name":"la hora de","href":"https:\/\/api.w.org\/{rel}","templated":true}]}}