{"id":19742,"date":"2025-12-10T13:29:26","date_gmt":"2025-12-10T18:29:26","guid":{"rendered":"https:\/\/tilt-up.org\/tilt-uptoday\/?p=19742"},"modified":"2025-12-12T10:57:46","modified_gmt":"2025-12-12T15:57:46","slug":"only-in-reflection","status":"publish","type":"post","link":"https:\/\/tilt-up.org\/tilt-uptoday\/es\/2025\/12\/10\/only-in-reflection\/","title":{"rendered":"Solo en Reflection"},"content":{"rendered":"<p class=\"p1\" style=\"text-align: left;\"><b>Por: Mitch Bloomquist, <\/b>Asociaci\u00f3n de Hormig\u00f3n Tilt-Up<\/p>\n\n\n<figure class=\"wp-block-image size-large\"><img loading=\"lazy\" decoding=\"async\" width=\"1024\" height=\"652\" src=\"https:\/\/tilt-up.org\/tilt-uptoday\/wp-content\/uploads\/2025\/12\/envato-labs-image-edit-1024x652.jpg\" alt=\"\" class=\"wp-image-19745\" srcset=\"https:\/\/tilt-up.org\/tilt-uptoday\/wp-content\/uploads\/2025\/12\/envato-labs-image-edit-1024x652.jpg 1024w, https:\/\/tilt-up.org\/tilt-uptoday\/wp-content\/uploads\/2025\/12\/envato-labs-image-edit-300x191.jpg 300w, https:\/\/tilt-up.org\/tilt-uptoday\/wp-content\/uploads\/2025\/12\/envato-labs-image-edit-768x489.jpg 768w, https:\/\/tilt-up.org\/tilt-uptoday\/wp-content\/uploads\/2025\/12\/envato-labs-image-edit.jpg 1256w\" sizes=\"auto, (max-width: 1024px) 100vw, 1024px\" \/><\/figure>\n\n\n\n<p>Hay una frase conocida de \u201cEl camino no elegido\u201d de Robert Frost que a menudo aparece en momentos de reflexi\u00f3n: \u201cTom\u00e9 el menos transitado, y eso marc\u00f3 toda la diferencia\u201d. Es un pensamiento reconfortante: que nuestro camino \u00fanico a trav\u00e9s de la vida o la industria fue elegido audazmente y nos distingui\u00f3. Pero una lectura m\u00e1s cercana del poema revela algo m\u00e1s matizado, incluso m\u00e1s honesto. Frost describe ambos caminos como \u201crealmente lo mismo\u201d, se\u00f1alando que la distinci\u00f3n entre ellos solo cobra significado en retrospectiva. El poema es menos una celebraci\u00f3n del individualismo y m\u00e1s una meditaci\u00f3n sobre c\u00f3mo damos sentido a nuestras elecciones despu\u00e9s de haberlas vivido. Esa frase me vino a la mente recientemente mientras nos reun\u00edamos para nuestra gala de premios, una noche que repas\u00f3 vidas enteras de contribuciones, invenciones y servicio. No solo est\u00e1bamos honrando logros; est\u00e1bamos reconociendo la forma en que el tiempo mismo transforma una carrera en un legado.<\/p>\n\n\n\n<p>Ese mismo esp\u00edritu reflexivo nos gu\u00eda ahora, mientras la Tilt-Up Concrete Association se acerca a su 40.\u00ba aniversario. Es un hito notable, uno que nos invita no solo a considerar de d\u00f3nde venimos, sino a preguntar c\u00f3mo hemos dado sentido a ese viaje. Es tentador en momentos como este marcar el tiempo con una simple narrativa, decir que hemos llegado muy lejos o sugerir que hemos seguido un curso raro o visionario. Pero la verdad siempre es m\u00e1s compleja. Como el camino de Frost a trav\u00e9s del bosque, el camino que hemos tomado a menudo parec\u00eda bastante ordinario al principio. La importancia no siempre era obvia. Se revel\u00f3 solo en lo que construimos en el camino.<\/p>\n\n\n\n<p>Hace cuarenta a\u00f1os, un grupo de profesionales se reuni\u00f3, no para irrumpir en una industria, sino para apoyar un m\u00e9todo: darle estructura, rigor y comunidad. Al hacerlo, construyeron m\u00e1s que una asociaci\u00f3n. Establecieron una cultura de aprendizaje compartido, respeto mutuo y progreso colectivo que sigue siendo la base de nuestro trabajo hoy en d\u00eda.<\/p>\n\n\n\n<p>A lo largo de este a\u00f1o, marcaremos la ocasi\u00f3n \u2014a veces discretamente, otras m\u00e1s p\u00fablicamente\u2014 permitiendo que el tema del legado surja en nuestras conversaciones, nuestras publicaciones y nuestros momentos compartidos. Pero incluso mientras miramos hacia atr\u00e1s, seguimos siendo una organizaci\u00f3n con visi\u00f3n de futuro. Los logros que reconocemos no son monumentos al pasado. Son recordatorios de que el trabajo de dar forma a una asociaci\u00f3n \u2014como dar forma a una carrera\u2014 no se realiza con gestos grandilocuentes, sino con elecciones firmes. Es solo a trav\u00e9s de la reflexi\u00f3n que empezamos a ver la arquitectura de todo. Los valores transmitidos. Las decisiones que importaron m\u00e1s de lo que en su momento nos dimos cuenta. Las personas cuyas contribuciones ahora se sienten indispensables.<\/p>\n\n\n\n<p>Los aniversarios nos invitan a mirar atr\u00e1s. Pero tambi\u00e9n nos piden que elijamos, de nuevo, qu\u00e9 tipo de futuro queremos construir. Lo que honramos este a\u00f1o no es solo la longevidad, es la direcci\u00f3n. No solo la tradici\u00f3n, sino la intenci\u00f3n.<\/p>\n\n\n\n<p>Y de esa manera, quiz\u00e1s lo que m\u00e1s importa no es qu\u00e9 camino elegimos, sino c\u00f3mo nos desenvolvemos en \u00e9l.<\/p>","protected":false},"excerpt":{"rendered":"<div class=\"mh-excerpt\">Por: Mitch Bloomquist, Asociaci\u00f3n de Hormig\u00f3n Tilt-Up Hay un verso muy conocido de \u201cEl camino no tomado\u201d, de Robert Frost, que a menudo surge en los momentos de reflexi\u00f3n: \u201cTom\u00e9 el camino menos transitado, y eso <a class=\"mh-excerpt-more\" href=\"https:\/\/tilt-up.org\/tilt-uptoday\/es\/2025\/12\/10\/only-in-reflection\/\" title=\"Solo en Reflection\"> Leer m\u00e1s\u2026<\/a><\/div>","protected":false},"author":6,"featured_media":19745,"comment_status":"open","ping_status":"open","sticky":false,"template":"","format":"standard","meta":{"footnotes":""},"categories":[417],"tags":[],"class_list":{"0":"post-19742","1":"post","2":"type-post","3":"status-publish","4":"format-standard","5":"has-post-thumbnail","7":"category-from-the-director"},"_links":{"self":[{"href":"https:\/\/tilt-up.org\/tilt-uptoday\/es\/wp-json\/wp\/v2\/posts\/19742","targetHints":{"allow":["GET"]}}],"collection":[{"href":"https:\/\/tilt-up.org\/tilt-uptoday\/es\/wp-json\/wp\/v2\/posts"}],"about":[{"href":"https:\/\/tilt-up.org\/tilt-uptoday\/es\/wp-json\/wp\/v2\/types\/post"}],"author":[{"embeddable":true,"href":"https:\/\/tilt-up.org\/tilt-uptoday\/es\/wp-json\/wp\/v2\/users\/6"}],"replies":[{"embeddable":true,"href":"https:\/\/tilt-up.org\/tilt-uptoday\/es\/wp-json\/wp\/v2\/comments?post=19742"}],"version-history":[{"count":5,"href":"https:\/\/tilt-up.org\/tilt-uptoday\/es\/wp-json\/wp\/v2\/posts\/19742\/revisions"}],"predecessor-version":[{"id":19845,"href":"https:\/\/tilt-up.org\/tilt-uptoday\/es\/wp-json\/wp\/v2\/posts\/19742\/revisions\/19845"}],"wp:featuredmedia":[{"embeddable":true,"href":"https:\/\/tilt-up.org\/tilt-uptoday\/es\/wp-json\/wp\/v2\/media\/19745"}],"wp:attachment":[{"href":"https:\/\/tilt-up.org\/tilt-uptoday\/es\/wp-json\/wp\/v2\/media?parent=19742"}],"wp:term":[{"taxonomy":"category","embeddable":true,"href":"https:\/\/tilt-up.org\/tilt-uptoday\/es\/wp-json\/wp\/v2\/categories?post=19742"},{"taxonomy":"post_tag","embeddable":true,"href":"https:\/\/tilt-up.org\/tilt-uptoday\/es\/wp-json\/wp\/v2\/tags?post=19742"}],"curies":[{"name":"la hora de","href":"https:\/\/api.w.org\/{rel}","templated":true}]}}