{"id":1965,"date":"2013-01-28T09:43:36","date_gmt":"2013-01-28T14:43:36","guid":{"rendered":"http:\/\/72.167.124.155\/tilt-uptoday\/?p=1965"},"modified":"2025-10-27T10:12:38","modified_gmt":"2025-10-27T15:12:38","slug":"2013-sustainability-conference-set-for-may-6-8-in-san-francisco","status":"publish","type":"post","link":"https:\/\/tilt-up.org\/tilt-uptoday\/es\/2013\/01\/28\/2013-sustainability-conference-set-for-may-6-8-in-san-francisco\/","title":{"rendered":"La Conferencia sobre Sostenibilidad de 2013 se celebrar\u00e1 del 6 al 8 de mayo en San Francisco"},"content":{"rendered":"<p><a href=\"http:\/\/tilt-up.org\/tilt-uptoday\/wp-content\/uploads\/2013\/01\/Noe_Valley_San_FranciscoS1.jpg\"><img loading=\"lazy\" decoding=\"async\" class=\"alignnone size-full wp-image-1973\" title=\"Noe Valley San Francisco\" src=\"http:\/\/tilt-up.org\/tilt-uptoday\/wp-content\/uploads\/2013\/01\/Noe_Valley_San_FranciscoS1.jpg\" alt=\"\" width=\"680\" height=\"340\" srcset=\"https:\/\/tilt-up.org\/tilt-uptoday\/wp-content\/uploads\/2013\/01\/Noe_Valley_San_FranciscoS1.jpg 680w, https:\/\/tilt-up.org\/tilt-uptoday\/wp-content\/uploads\/2013\/01\/Noe_Valley_San_FranciscoS1-300x150.jpg 300w, https:\/\/tilt-up.org\/tilt-uptoday\/wp-content\/uploads\/2013\/01\/Noe_Valley_San_FranciscoS1-678x340.jpg 678w\" sizes=\"auto, (max-width: 680px) 100vw, 680px\" \/><\/a><\/p>\n<p><a href=\"http:\/\/tilt-up.org\/tilt-uptoday\/wp-content\/uploads\/2013\/01\/2013ICSC200.jpg\"><img loading=\"lazy\" decoding=\"async\" class=\"alignright size-full wp-image-1966\" title=\"2013ICSC200\" src=\"http:\/\/tilt-up.org\/tilt-uptoday\/wp-content\/uploads\/2013\/01\/2013ICSC200.jpg\" alt=\"\" width=\"200\" height=\"124\" \/><\/a>El <em>2013 <a href=\"http:\/\/www.concretesustainabilityconference.org\/sanfrancisco\/index.html\" target=\"_blank\" rel=\"noopener\">Conferencia Internacional de Sostenibilidad del Concreto<\/a><\/em> se llevar\u00e1 a cabo del 6 al 8 de mayo en San Francisco en el Hotel Sofitel San Francisco Bay (Redwood City, CA). La octava conferencia anual, organizada por la National Ready Mixed Concrete Association, brindar\u00e1 oportunidades de aprendizaje y networking sobre los \u00faltimos avances, conocimientos t\u00e9cnicos, investigaci\u00f3n continua, herramientas y soluciones para la fabricaci\u00f3n y construcci\u00f3n de concreto sostenible. <a href=\"http:\/\/tilt-up.org\/tilt-uptoday\/es\/\">Asociaci\u00f3n de Hormig\u00f3n Tilt-Up (TCA)<\/a> es copatrocinador de la conferencia.<\/p>\n<p>Se invita a investigadores, acad\u00e9micos, estudiantes, ingenieros, arquitectos, contratistas, productores de concreto, funcionarios de obras p\u00fablicas, proveedores de materiales y profesionales de la industria del concreto a asistir a la conferencia. M\u00e1s de 60 ponentes de renombre mundial presentar\u00e1n los \u00faltimos desarrollos relacionados con el dise\u00f1o, la especificaci\u00f3n, la fabricaci\u00f3n, las pruebas, la construcci\u00f3n, el mantenimiento y la investigaci\u00f3n del concreto en lo que se refiere a la sostenibilidad:<\/p>\n<ul>\n<li><strong>Evaluaci\u00f3n del Ciclo de Vida <\/strong>Evaluaci\u00f3n de la huella de carbono, energ\u00eda incorporada y otros impactos ambientales para edificios, infraestructura y la fabricaci\u00f3n de cemento y concreto.<\/li>\n<li><strong>Desarrollo de Bajo Impacto <\/strong>Adoquines permeables y estructuras de control de erosi\u00f3n. Reducci\u00f3n del efecto isla de calor urbano, pavimentos de color claro, techos verdes y comunidades frescas.<\/li>\n<li><strong>Concreto Verde \u2013 <\/strong>Materiales reciclados y alternativos, incluyendo agregados, agua, materiales cementiciosos y combustibles. Uso beneficioso de subproductos para la producci\u00f3n de cemento y concreto.<\/li>\n<li><strong>Nueva Tecnolog\u00eda del Concreto \u2013 <\/strong>Durabilidad, modelos de vida \u00fatil extendida y validaci\u00f3n, especificaciones basadas en el desempe\u00f1o para fomentar la sostenibilidad. M\u00e9todos innovadores de producci\u00f3n de concreto.<\/li>\n<li><strong>Iniciativas de Sostenibilidad \u2013 <\/strong>C\u00f3digos de construcci\u00f3n ecol\u00f3gica y normas adoptadas por propietarios de edificios, dise\u00f1adores, contratistas y fabricantes de productos. Incentivos econ\u00f3micos y legislaci\u00f3n.<\/li>\n<li><strong>Resiliencia Funcional \u2013 <\/strong>Aplicaciones de concreto de alto rendimiento en edificios e infraestructura, c\u00f3digos de construcci\u00f3n reforzados e iniciativas comunitarias enfocadas en la resistencia a desastres y la reutilizaci\u00f3n adaptable.<\/li>\n<\/ul>\n<p>Para una lista completa de oradores y temas, y para registrarse a la conferencia, visite <a href=\"http:\/\/www.ConcreteSustainabilityConference.org\" target=\"_blank\" rel=\"noopener\">www.ConcreteSustainabilityConference.org<\/a>.<\/p>","protected":false},"excerpt":{"rendered":"<div class=\"mh-excerpt\">La Conferencia Internacional de Sostenibilidad del Concreto 2013 est\u00e1 programada para el 6-8 de mayo en San Francisco en el Hotel Sofitel San Francisco Bay (Redwood City, CA). La 8\u00aa conferencia anual, organizada por el National Ready Mixed Concrete <a class=\"mh-excerpt-more\" href=\"https:\/\/tilt-up.org\/tilt-uptoday\/es\/2013\/01\/28\/2013-sustainability-conference-set-for-may-6-8-in-san-francisco\/\" title=\"La Conferencia sobre Sostenibilidad de 2013 se celebrar\u00e1 del 6 al 8 de mayo en San Francisco\"> Leer m\u00e1s\u2026<\/a><\/div>","protected":false},"author":2,"featured_media":1971,"comment_status":"open","ping_status":"open","sticky":false,"template":"","format":"standard","meta":{"footnotes":""},"categories":[12,6,369],"tags":[23],"class_list":{"0":"post-1965","1":"post","2":"type-post","3":"status-publish","4":"format-standard","5":"has-post-thumbnail","7":"category-events","8":"category-industry","9":"category-sustainability-resilience","10":"tag-sustainability"},"_links":{"self":[{"href":"https:\/\/tilt-up.org\/tilt-uptoday\/es\/wp-json\/wp\/v2\/posts\/1965","targetHints":{"allow":["GET"]}}],"collection":[{"href":"https:\/\/tilt-up.org\/tilt-uptoday\/es\/wp-json\/wp\/v2\/posts"}],"about":[{"href":"https:\/\/tilt-up.org\/tilt-uptoday\/es\/wp-json\/wp\/v2\/types\/post"}],"author":[{"embeddable":true,"href":"https:\/\/tilt-up.org\/tilt-uptoday\/es\/wp-json\/wp\/v2\/users\/2"}],"replies":[{"embeddable":true,"href":"https:\/\/tilt-up.org\/tilt-uptoday\/es\/wp-json\/wp\/v2\/comments?post=1965"}],"version-history":[{"count":12,"href":"https:\/\/tilt-up.org\/tilt-uptoday\/es\/wp-json\/wp\/v2\/posts\/1965\/revisions"}],"predecessor-version":[{"id":7332,"href":"https:\/\/tilt-up.org\/tilt-uptoday\/es\/wp-json\/wp\/v2\/posts\/1965\/revisions\/7332"}],"wp:featuredmedia":[{"embeddable":true,"href":"https:\/\/tilt-up.org\/tilt-uptoday\/es\/wp-json\/wp\/v2\/media\/1971"}],"wp:attachment":[{"href":"https:\/\/tilt-up.org\/tilt-uptoday\/es\/wp-json\/wp\/v2\/media?parent=1965"}],"wp:term":[{"taxonomy":"category","embeddable":true,"href":"https:\/\/tilt-up.org\/tilt-uptoday\/es\/wp-json\/wp\/v2\/categories?post=1965"},{"taxonomy":"post_tag","embeddable":true,"href":"https:\/\/tilt-up.org\/tilt-uptoday\/es\/wp-json\/wp\/v2\/tags?post=1965"}],"curies":[{"name":"la hora de","href":"https:\/\/api.w.org\/{rel}","templated":true}]}}