{"id":18611,"date":"2025-09-22T09:47:17","date_gmt":"2025-09-22T14:47:17","guid":{"rendered":"https:\/\/tilt-up.org\/tilt-uptoday\/?p=18611"},"modified":"2025-10-29T18:33:42","modified_gmt":"2025-10-29T23:33:42","slug":"in-memoriam-r-glen-stephens-ftca","status":"publish","type":"post","link":"https:\/\/tilt-up.org\/tilt-uptoday\/es\/2025\/09\/22\/in-memoriam-r-glen-stephens-ftca\/","title":{"rendered":"In Memoriam: R. Glen Stephens, FTCA"},"content":{"rendered":"<h2 class=\"wp-block-heading\">Expresidente, Miembro Inaugural de TCA y Receptor del Premio Conmemorativo Peter Courtois<\/h2>\n\n\n\n<figure class=\"wp-block-image size-full is-resized\"><img loading=\"lazy\" decoding=\"async\" width=\"1000\" height=\"667\" src=\"https:\/\/tilt-up.org\/tilt-uptoday\/wp-content\/uploads\/2025\/09\/PC-1k.jpg\" alt=\"\" class=\"wp-image-18622\" style=\"width:477px;height:auto\" srcset=\"https:\/\/tilt-up.org\/tilt-uptoday\/wp-content\/uploads\/2025\/09\/PC-1k.jpg 1000w, https:\/\/tilt-up.org\/tilt-uptoday\/wp-content\/uploads\/2025\/09\/PC-1k-300x200.jpg 300w, https:\/\/tilt-up.org\/tilt-uptoday\/wp-content\/uploads\/2025\/09\/PC-1k-768x512.jpg 768w\" sizes=\"auto, (max-width: 1000px) 100vw, 1000px\" \/><\/figure>\n\n\n\n<p><strong>Robert Glen Stephens<\/strong> de Columbia, MD, falleci\u00f3 pac\u00edficamente la tarde del jueves 8 de mayo de 2024, a la edad de 75 a\u00f1os. Glen fue diagnosticado con c\u00e1ncer en abril de 2024 y muri\u00f3 de complicaciones m\u00e9dicas relacionadas con sus tratamientos contra el c\u00e1ncer. Enfrent\u00f3 su enfermedad con fortaleza, gracia y una fe inquebrantable.<\/p>\n\n\n\n<p>La Tilt-Up Concrete Association honra la vida y el legado de R. Glen Stephens, FTCA, cuyas contribuciones a la industria del tilt-up fueron fundamentales y de gran alcance. Su influencia como l\u00edder, innovador y mentor perdurar\u00e1 por generaciones.<\/p>\n\n\n\n<p>Glen hizo historia al ser el primer arquitecto en formar parte de la Junta Directiva de la TCA, aportando una perspectiva cr\u00edtica de dise\u00f1o a la disciplina en evoluci\u00f3n de la construcci\u00f3n tilt-up. M\u00e1s tarde se desempe\u00f1\u00f3 como presidente de la Asociaci\u00f3n de 2000 a 2001, guiando a la organizaci\u00f3n a trav\u00e9s de un per\u00edodo de crecimiento y formalizaci\u00f3n. Glen fue una fuerza central detr\u00e1s del desarrollo de los manuales de la \u201ctrilog\u00eda\u201d tilt-up \u2014recursos que contin\u00faan definiendo las mejores pr\u00e1cticas\u2014 y ayud\u00f3 a establecer la visi\u00f3n inicial para la Convenci\u00f3n y Expo Tilt-Up, ahora el lugar de encuentro m\u00e1s vital de la industria.<\/p>\n\n\n\n<p>Glen tambi\u00e9n fue miembro de la clase inaugural de TCA Fellows, donde fue reconocido por su servicio duradero y excelencia profesional. En el oto\u00f1o de 2024, en la 25\u00aa Convenci\u00f3n y Expo Tilt-Up en Phoenix, recibi\u00f3 el m\u00e1ximo reconocimiento de la TCA: el Premio Conmemorativo Peter Courtois. Este honor por logros de por vida est\u00e1 reservado para aquellos cuya dedicaci\u00f3n a la mejora de la industria de tilt-up es reconocida por sus pares, y el legado de Glen ejemplifica su esp\u00edritu.<\/p>\n\n\n\n<p>Como alguien apasionado por celebrar los logros de los dem\u00e1s, Glen fue una fuerza impulsora detr\u00e1s de la expansi\u00f3n de los Programas de Premios de la TCA. Cre\u00eda firmemente en honrar el ingenio y la innovaci\u00f3n que ocurr\u00edan en toda la industria, y trabaj\u00f3 para asegurar que la excelencia no solo se lograra, sino que fuera reconocida.<\/p>\n\n\n\n<p>A trav\u00e9s de su firma, Stephens Architectural Associates, Glen dirigi\u00f3 el dise\u00f1o de cientos de instalaciones comerciales, institucionales e industriales en el centro-Atl\u00e1ntico y el sureste de Estados Unidos. Su trabajo impuls\u00f3 el potencial est\u00e9tico y estructural de la construcci\u00f3n tipo tilt-up y ayud\u00f3 a que este m\u00e9todo se aplicara en nuevos contextos. M\u00e1s personalmente, Glen fue un mentor comprometido y un generoso gu\u00eda para innumerables j\u00f3venes profesionales. Muchos rastrean las ra\u00edces de sus carreras, y su confianza, hasta su aliento.<\/p>\n\n\n\n<p>Glen ser\u00e1 recordado no solo por lo que construy\u00f3, sino por c\u00f3mo hizo sentir a la gente: valorada, vista y apoyada. Su humor, calidez y fe infundieron cada relaci\u00f3n y cada habitaci\u00f3n. Fue un verdadero constructor de comunidad.<\/p>\n\n\n\n<p>Extendemos nuestras m\u00e1s sinceras condolencias a la familia, amigos y colegas de Glen. Su partida se siente profundamente, pero su influencia permanece presente en las personas, proyectos y programas que ayud\u00f3 a moldear.<\/p>","protected":false},"excerpt":{"rendered":"<div class=\"mh-excerpt\">Robert Glen Stephens, de Columbia (Maryland), expresidente, miembro fundador de la TCA y galardonado con el Premio Conmemorativo Peter Courtois, falleci\u00f3 pac\u00edficamente en la tarde del jueves 8 de mayo de 2024, a la edad de 75 a\u00f1os. <a class=\"mh-excerpt-more\" href=\"https:\/\/tilt-up.org\/tilt-uptoday\/es\/2025\/09\/22\/in-memoriam-r-glen-stephens-ftca\/\" title=\"In Memoriam: R. Glen Stephens, FTCA\"> Leer m\u00e1s\u2026<\/a><\/div>","protected":false},"author":6,"featured_media":19375,"comment_status":"open","ping_status":"open","sticky":false,"template":"","format":"standard","meta":{"footnotes":""},"categories":[375,373],"tags":[],"class_list":{"0":"post-18611","1":"post","2":"type-post","3":"status-publish","4":"format-standard","5":"has-post-thumbnail","7":"category-community-culture","8":"category-member-company-profiles"},"_links":{"self":[{"href":"https:\/\/tilt-up.org\/tilt-uptoday\/es\/wp-json\/wp\/v2\/posts\/18611","targetHints":{"allow":["GET"]}}],"collection":[{"href":"https:\/\/tilt-up.org\/tilt-uptoday\/es\/wp-json\/wp\/v2\/posts"}],"about":[{"href":"https:\/\/tilt-up.org\/tilt-uptoday\/es\/wp-json\/wp\/v2\/types\/post"}],"author":[{"embeddable":true,"href":"https:\/\/tilt-up.org\/tilt-uptoday\/es\/wp-json\/wp\/v2\/users\/6"}],"replies":[{"embeddable":true,"href":"https:\/\/tilt-up.org\/tilt-uptoday\/es\/wp-json\/wp\/v2\/comments?post=18611"}],"version-history":[{"count":3,"href":"https:\/\/tilt-up.org\/tilt-uptoday\/es\/wp-json\/wp\/v2\/posts\/18611\/revisions"}],"predecessor-version":[{"id":19376,"href":"https:\/\/tilt-up.org\/tilt-uptoday\/es\/wp-json\/wp\/v2\/posts\/18611\/revisions\/19376"}],"wp:featuredmedia":[{"embeddable":true,"href":"https:\/\/tilt-up.org\/tilt-uptoday\/es\/wp-json\/wp\/v2\/media\/19375"}],"wp:attachment":[{"href":"https:\/\/tilt-up.org\/tilt-uptoday\/es\/wp-json\/wp\/v2\/media?parent=18611"}],"wp:term":[{"taxonomy":"category","embeddable":true,"href":"https:\/\/tilt-up.org\/tilt-uptoday\/es\/wp-json\/wp\/v2\/categories?post=18611"},{"taxonomy":"post_tag","embeddable":true,"href":"https:\/\/tilt-up.org\/tilt-uptoday\/es\/wp-json\/wp\/v2\/tags?post=18611"}],"curies":[{"name":"la hora de","href":"https:\/\/api.w.org\/{rel}","templated":true}]}}