{"id":17576,"date":"2024-04-22T15:56:18","date_gmt":"2024-04-22T20:56:18","guid":{"rendered":"https:\/\/tilt-up.org\/tilt-uptoday\/?p=17576"},"modified":"2025-10-28T09:55:44","modified_gmt":"2025-10-28T14:55:44","slug":"leviat-announces-retirement-of-mike-wolstenholme","status":"publish","type":"post","link":"https:\/\/tilt-up.org\/tilt-uptoday\/es\/2024\/04\/22\/leviat-announces-retirement-of-mike-wolstenholme\/","title":{"rendered":"Leviat anuncia la jubilaci\u00f3n de Mike Wolstenholme"},"content":{"rendered":"<div class=\"wp-block-image\">\n<figure class=\"alignleft size-large is-resized\"><img loading=\"lazy\" decoding=\"async\" width=\"1024\" height=\"1024\" src=\"https:\/\/tilt-up.org\/tilt-uptoday\/wp-content\/uploads\/2024\/04\/Wolstenholme-Headshot-b-1024x1024.jpg\" alt=\"\" class=\"wp-image-17570\" style=\"aspect-ratio:1;width:295px;height:auto\" srcset=\"https:\/\/tilt-up.org\/tilt-uptoday\/wp-content\/uploads\/2024\/04\/Wolstenholme-Headshot-b-1024x1024.jpg 1024w, https:\/\/tilt-up.org\/tilt-uptoday\/wp-content\/uploads\/2024\/04\/Wolstenholme-Headshot-b-300x300.jpg 300w, https:\/\/tilt-up.org\/tilt-uptoday\/wp-content\/uploads\/2024\/04\/Wolstenholme-Headshot-b-290x290.jpg 290w, https:\/\/tilt-up.org\/tilt-uptoday\/wp-content\/uploads\/2024\/04\/Wolstenholme-Headshot-b-768x768.jpg 768w, https:\/\/tilt-up.org\/tilt-uptoday\/wp-content\/uploads\/2024\/04\/Wolstenholme-Headshot-b-1536x1536.jpg 1536w, https:\/\/tilt-up.org\/tilt-uptoday\/wp-content\/uploads\/2024\/04\/Wolstenholme-Headshot-b-2048x2048.jpg 2048w\" sizes=\"auto, (max-width: 1024px) 100vw, 1024px\" \/><\/figure>\n<\/div>\n\n\n<p><strong>Leviat<\/strong> anunci\u00f3 hoy que <strong>Mike Wolstenholme<\/strong> se jubilar\u00e1 de su cargo como Gerente Nacional de Ventas de Tilt-Up a finales de mayo, tras una interesante y exitosa carrera como una de las voces l\u00edderes de la industria del tilt-up en Norteam\u00e9rica. Afortunadamente para las muchas empresas y colegas con quienes ha forjado amistades duraderas, Mike seguir\u00e1 siendo muy parte de la industria mientras transita hacia un rol de asesor para varios socios comerciales.<\/p>\n\n\n\n<p>Sobre su decisi\u00f3n de retirarse, Mike dijo: \u201cHe tenido la suerte de trabajar con tantas organizaciones geniales y personas maravillosas. Recuerdo con agrado los proyectos en los que trabajamos juntos y considero un absoluto privilegio haber desempe\u00f1ado un peque\u00f1o papel en su \u00e9xito, as\u00ed como en el crecimiento del tilt-up. Estoy orgulloso de lo que hemos logrado como miembro del equipo de Leviat y espero seguir de cerca su crecimiento y \u00e9xito en los pr\u00f3ximos a\u00f1os\u201d.\u201d<\/p>\n\n\n\n<p>Mike ha dedicado su carrera completa a la industria de la construcci\u00f3n, primero como carpintero y detallista de encofrados de concreto antes de obtener su t\u00edtulo en Administraci\u00f3n de Empresas de la Universidad Estatal de Carolina del Norte. A medida que Mike asumi\u00f3 roles de gesti\u00f3n de proyectos, desarroll\u00f3 una profunda apreciaci\u00f3n por las eficiencias inherentes a la construcci\u00f3n con paneles prefabricados (tilt-up). Desde 2005, ha liderado el enfoque de Leviat en productos y servicios de tilt-up como su Gerente Nacional de Ventas para Tilt-Up, proporcionando un conducto integral entre los equipos de ventas, investigaci\u00f3n y desarrollo, fabricaci\u00f3n e ingenier\u00eda de la empresa y los clientes de Leviat.<\/p>\n\n\n\n<p>A lo largo de su carrera, Mike ha sido reconocido por su experiencia, fusionando el conocimiento pr\u00e1ctico del lugar de trabajo con su compromiso constante con sus clientes y su trabajo. Fue elegido miembro de la Junta Directiva de la Tilt-Up Concrete Association (TCA) de 2009 a 2012 y es miembro activo de la Professional Construction Estimators Association.<\/p>\n\n\n\n<p>En reconocimiento a los logros de su carrera, la TCA nombr\u00f3 a Mike ganador del Premio Conmemorativo Peter Courtois 2023, se\u00f1alando que \u201cla combinaci\u00f3n \u00fanica de experiencia pr\u00e1ctica, visi\u00f3n para los negocios y enfoque en el cliente de Mike no solo lo ha convertido en una figura respetada en la industria, sino tambi\u00e9n en alguien que realmente le ha dado forma para mejor\u201d.\u201d<\/p>\n\n\n\n<p>Brad Nesset, Presidente para Norteam\u00e9rica de Leviat, dijo: \u201cEn nombre de toda nuestra organizaci\u00f3n, quisiera agradecer a Mike por su compromiso inquebrantable con esta empresa, sus compa\u00f1eros de equipo y la industria de la construcci\u00f3n Tilt-Up. Ha contribuido inmensurablemente al crecimiento y desarrollo de los tres. Tengo la suerte de llamar a Mike colega y amigo, y espero compartir sus \u00e9xitos tanto profesional como personalmente en los pr\u00f3ximos a\u00f1os\u201d.<\/p>","protected":false},"excerpt":{"rendered":"<div class=\"mh-excerpt\">Leviat ha anunciado hoy que Mike Wolstenholme dejar\u00e1 su cargo de director nacional de ventas de Tilt-Up a finales de mayo, tras una carrera apasionante y exitosa como una de las principales figuras del <a class=\"mh-excerpt-more\" href=\"https:\/\/tilt-up.org\/tilt-uptoday\/es\/2024\/04\/22\/leviat-announces-retirement-of-mike-wolstenholme\/\" title=\"Leviat anuncia la jubilaci\u00f3n de Mike Wolstenholme\"> Leer m\u00e1s\u2026<\/a><\/div>","protected":false},"author":6,"featured_media":17570,"comment_status":"open","ping_status":"open","sticky":false,"template":"","format":"standard","meta":{"footnotes":""},"categories":[6,14,29],"tags":[],"class_list":{"0":"post-17576","1":"post","2":"type-post","3":"status-publish","4":"format-standard","5":"has-post-thumbnail","7":"category-industry","8":"category-member_news","9":"category-news"},"_links":{"self":[{"href":"https:\/\/tilt-up.org\/tilt-uptoday\/es\/wp-json\/wp\/v2\/posts\/17576","targetHints":{"allow":["GET"]}}],"collection":[{"href":"https:\/\/tilt-up.org\/tilt-uptoday\/es\/wp-json\/wp\/v2\/posts"}],"about":[{"href":"https:\/\/tilt-up.org\/tilt-uptoday\/es\/wp-json\/wp\/v2\/types\/post"}],"author":[{"embeddable":true,"href":"https:\/\/tilt-up.org\/tilt-uptoday\/es\/wp-json\/wp\/v2\/users\/6"}],"replies":[{"embeddable":true,"href":"https:\/\/tilt-up.org\/tilt-uptoday\/es\/wp-json\/wp\/v2\/comments?post=17576"}],"version-history":[{"count":7,"href":"https:\/\/tilt-up.org\/tilt-uptoday\/es\/wp-json\/wp\/v2\/posts\/17576\/revisions"}],"predecessor-version":[{"id":19026,"href":"https:\/\/tilt-up.org\/tilt-uptoday\/es\/wp-json\/wp\/v2\/posts\/17576\/revisions\/19026"}],"wp:featuredmedia":[{"embeddable":true,"href":"https:\/\/tilt-up.org\/tilt-uptoday\/es\/wp-json\/wp\/v2\/media\/17570"}],"wp:attachment":[{"href":"https:\/\/tilt-up.org\/tilt-uptoday\/es\/wp-json\/wp\/v2\/media?parent=17576"}],"wp:term":[{"taxonomy":"category","embeddable":true,"href":"https:\/\/tilt-up.org\/tilt-uptoday\/es\/wp-json\/wp\/v2\/categories?post=17576"},{"taxonomy":"post_tag","embeddable":true,"href":"https:\/\/tilt-up.org\/tilt-uptoday\/es\/wp-json\/wp\/v2\/tags?post=17576"}],"curies":[{"name":"la hora de","href":"https:\/\/api.w.org\/{rel}","templated":true}]}}