{"id":17531,"date":"2024-02-22T10:51:20","date_gmt":"2024-02-22T15:51:20","guid":{"rendered":"https:\/\/tilt-up.org\/tilt-uptoday\/?p=17531"},"modified":"2025-06-17T13:45:43","modified_gmt":"2025-06-17T18:45:43","slug":"convocatoria-de-seminarios-25a-convencion-y-expo-de-tilt-up","status":"publish","type":"post","link":"https:\/\/tilt-up.org\/tilt-uptoday\/es\/2024\/02\/22\/convocatoria-de-seminarios-25a-convencion-y-expo-de-tilt-up\/","title":{"rendered":"Convocatoria de seminarios: XXV Convenci\u00f3n y Expo Tilt-Up"},"content":{"rendered":"<div style=\"border: 1px solid #dddddd; padding: 0.5em; background-color: #f5f5f5; width: 666px;\">\n<p style=\"text-align: center; color: #808285;\"><a href=\"https:\/\/tilt-up.org\/tilt-uptoday\/es\/2024\/02\/22\/call-for-seminars-25th-tilt-up-convention-and-expo\/\"><strong>Ingl\u00e9s<\/strong><\/a> | Traducci\u00f3n proporcionada por la TCA<\/p>\n\n\n<figure class=\"wp-block-image size-large\"><img loading=\"lazy\" decoding=\"async\" width=\"1024\" height=\"681\" src=\"https:\/\/tilt-up.org\/tilt-uptoday\/wp-content\/uploads\/2024\/02\/tiltup_friam-65-2000-1024x681.jpg\" alt=\"\" class=\"wp-image-17407\" srcset=\"https:\/\/tilt-up.org\/tilt-uptoday\/wp-content\/uploads\/2024\/02\/tiltup_friam-65-2000-1024x681.jpg 1024w, https:\/\/tilt-up.org\/tilt-uptoday\/wp-content\/uploads\/2024\/02\/tiltup_friam-65-2000-300x200.jpg 300w, https:\/\/tilt-up.org\/tilt-uptoday\/wp-content\/uploads\/2024\/02\/tiltup_friam-65-2000-768x511.jpg 768w, https:\/\/tilt-up.org\/tilt-uptoday\/wp-content\/uploads\/2024\/02\/tiltup_friam-65-2000-1536x1022.jpg 1536w, https:\/\/tilt-up.org\/tilt-uptoday\/wp-content\/uploads\/2024\/02\/tiltup_friam-65-2000.jpg 2000w\" sizes=\"auto, (max-width: 1024px) 100vw, 1024px\" \/><\/figure>\n\n\n\n<p>Mientras nos preparamos para abrazar el \u201cLegado de la innovaci\u00f3n: Celebraci\u00f3n de la comunidad en el Valle del Sol\u201d en la 25.\u00aa Convenci\u00f3n y Exposici\u00f3n de Tilt-Up en 2024, lo invitamos a ser parte de este extraordinario viaje. Esto no es solo una convenci\u00f3n, es una celebraci\u00f3n del esp\u00edritu pionero que ha definido a nuestra comunidad de tilt-up.<\/p>\n\n\n\n<p>El tema de este a\u00f1o resume perfectamente nuestro viaje, un viaje marcado por innovaciones revolucionarias, comunidades resilientes y un compromiso compartido con el futuro del tilt-up. Buscamos oradores que puedan enriquecer nuestro evento con sus perspectivas \u00fanicas, experiencias del mundo real e ideas innovadoras.<\/p>\n\n\n\n<h3 class=\"wp-block-heading\">Comparte tu historia<\/h3>\n\n\n\n<p>Tanto si es un experto experimentado como un apasionado defensor del tilt-up, su historia es importante. Estamos interesados en seminarios que se alineen con nuestro tema, explorando proyectos innovadores, tecnolog\u00edas revolucionarias y el futuro de nuestra industria.<\/p>\n\n\n\n<p>Si bien damos la bienvenida a ponentes de diversos or\u00edgenes, priorizamos el contenido de alta calidad directamente relacionado con el dise\u00f1o o la construcci\u00f3n de edificios prefabricados de hormig\u00f3n. Su seminario debe inspirar, educar y provocar debates significativos dentro de nuestra comunidad.<\/p>\n\n\n\n<h3 class=\"wp-block-heading\">Detalles de la presentaci\u00f3n<\/h3>\n\n\n\n<ul class=\"wp-block-list\">\n<li><strong>T\u00edtulo del seminario:<\/strong> T\u00edtulo cautivador: Revoluci\u00f3n Tilt-Up: Desbloqueando el Potencial de tu Comunidad Constructora.<\/li>\n\n\n\n<li><strong>Descripci\u00f3n:<\/strong> Comparta una descripci\u00f3n completa de su seminario. \u00bfC\u00f3mo contribuye al \u2018Legado de la Innovaci\u00f3n\u2019? \u00bfQu\u00e9 ganar\u00e1n los asistentes con su sesi\u00f3n?<\/li>\n\n\n\n<li><strong>Objetivos de aprendizaje:<\/strong> Aqu\u00ed hay cuatro objetivos de aprendizaje claros y medibles que los asistentes pueden esperar lograr a trav\u00e9s de su seminario:\n\n1.  Al finalizar el seminario, los participantes podr\u00e1n identificar y explicar al menos tres t\u00e9cnicas clave para mejorar la comunicaci\u00f3n en el lugar de trabajo, demostrando su comprensi\u00f3n en una discusi\u00f3n grupal.\n2.  Despu\u00e9s de completar las actividades pr\u00e1cticas, los asistentes ser\u00e1n capaces de aplicar dos estrategias de gesti\u00f3n del tiempo reci\u00e9n aprendidas para organizar sus tareas diarias, lo que se evidenciar\u00e1 en un plan de acci\u00f3n personal.\n3.  Al final de la sesi\u00f3n, los participantes podr\u00e1n definir los componentes esenciales de un plan de negocios exitoso y delinear al menos cinco secciones clave que debe incluir, bas\u00e1ndose en los ejemplos proporcionados.\n4.  Tras la demostraci\u00f3n y pr\u00e1ctica, los asistentes podr\u00e1n utilizar correctamente una herramienta espec\u00edfica de software (mencionar el nombre del software) para realizar una tarea fundamental (describir la tarea), lo que se evaluar\u00e1 a trav\u00e9s de un ejercicio pr\u00e1ctico.<\/li>\n\n\n\n<li><strong>Imagen representativa:<\/strong> Incluya una imagen que represente el esp\u00edritu de su seminario y que pueda ser utilizada para su promoci\u00f3n.<\/li>\n\n\n\n<li><strong>Informaci\u00f3n del ponente:<\/strong> Cu\u00e9ntanos tu historia en tu biograf\u00eda y proporciona una foto de alta resoluci\u00f3n.<\/li>\n<\/ul>\n\n\n\n<p>Las propuestas son evaluadas por el Comit\u00e9 de Educaci\u00f3n de la TCA.<\/p>\n\n\n\n<p><strong>Fechas importantes:<\/strong><\/p>\n\n\n\n<ul class=\"wp-block-list\">\n<li>Fecha l\u00edmite de presentaci\u00f3n: 1 de marzo de 2024 a las 11:59 p. m. (hora central)<\/li>\n\n\n\n<li>Notificaci\u00f3n de aceptaci\u00f3n: 15 de marzo de 2024<\/li>\n<\/ul>\n\n\n\n<p>Esta es su oportunidad de ser parte de la 25a Convenci\u00f3n y Exposici\u00f3n Tilt-Up y contribuir a nuestra vibrante comunidad de tilt-up. Comparta su perspectiva \u00fanica, genere nuevas ideas y ay\u00fadenos a celebrar nuestro \u201cLegado de Innovaci\u00f3n\u201d en el Valle del Sol.<\/p>\n\n\n\n<p>Enviar aqu\u00ed-&gt; <a href=\"https:\/\/form.jotform.com\/233328629582161\" target=\"_blank\" rel=\"noopener\">https:\/\/form.jotform.com\/233328629582161<\/a> <\/p>","protected":false},"excerpt":{"rendered":"<div class=\"mh-excerpt\">Ingl\u00e9s | Traducci\u00f3n proporcionada por la TCA Mientras nos preparamos para abrazar el \u201cLegado de la innovaci\u00f3n: Celebraci\u00f3n de la comunidad en el Valle del Sol\u201d en la 25\u00aa Convenci\u00f3n y Exposici\u00f3n Tilt-Up en <a class=\"mh-excerpt-more\" href=\"https:\/\/tilt-up.org\/tilt-uptoday\/es\/2024\/02\/22\/convocatoria-de-seminarios-25a-convencion-y-expo-de-tilt-up\/\" title=\"Convocatoria de seminarios: XXV Convenci\u00f3n y Expo Tilt-Up\"> Leer m\u00e1s\u2026<\/a><\/div>","protected":false},"author":6,"featured_media":17407,"comment_status":"open","ping_status":"open","sticky":false,"template":"","format":"standard","meta":{"footnotes":""},"categories":[267],"tags":[],"class_list":{"0":"post-17531","1":"post","2":"type-post","3":"status-publish","4":"format-standard","5":"has-post-thumbnail","7":"category-en-espanol"},"_links":{"self":[{"href":"https:\/\/tilt-up.org\/tilt-uptoday\/es\/wp-json\/wp\/v2\/posts\/17531","targetHints":{"allow":["GET"]}}],"collection":[{"href":"https:\/\/tilt-up.org\/tilt-uptoday\/es\/wp-json\/wp\/v2\/posts"}],"about":[{"href":"https:\/\/tilt-up.org\/tilt-uptoday\/es\/wp-json\/wp\/v2\/types\/post"}],"author":[{"embeddable":true,"href":"https:\/\/tilt-up.org\/tilt-uptoday\/es\/wp-json\/wp\/v2\/users\/6"}],"replies":[{"embeddable":true,"href":"https:\/\/tilt-up.org\/tilt-uptoday\/es\/wp-json\/wp\/v2\/comments?post=17531"}],"version-history":[{"count":4,"href":"https:\/\/tilt-up.org\/tilt-uptoday\/es\/wp-json\/wp\/v2\/posts\/17531\/revisions"}],"predecessor-version":[{"id":17539,"href":"https:\/\/tilt-up.org\/tilt-uptoday\/es\/wp-json\/wp\/v2\/posts\/17531\/revisions\/17539"}],"wp:featuredmedia":[{"embeddable":true,"href":"https:\/\/tilt-up.org\/tilt-uptoday\/es\/wp-json\/wp\/v2\/media\/17407"}],"wp:attachment":[{"href":"https:\/\/tilt-up.org\/tilt-uptoday\/es\/wp-json\/wp\/v2\/media?parent=17531"}],"wp:term":[{"taxonomy":"category","embeddable":true,"href":"https:\/\/tilt-up.org\/tilt-uptoday\/es\/wp-json\/wp\/v2\/categories?post=17531"},{"taxonomy":"post_tag","embeddable":true,"href":"https:\/\/tilt-up.org\/tilt-uptoday\/es\/wp-json\/wp\/v2\/tags?post=17531"}],"curies":[{"name":"la hora de","href":"https:\/\/api.w.org\/{rel}","templated":true}]}}