{"id":17406,"date":"2024-02-22T10:52:49","date_gmt":"2024-02-22T15:52:49","guid":{"rendered":"https:\/\/tilt-up.org\/tilt-uptoday\/?p=17406"},"modified":"2025-10-28T10:08:28","modified_gmt":"2025-10-28T15:08:28","slug":"call-for-seminars-25th-tilt-up-convention-and-expo","status":"publish","type":"post","link":"https:\/\/tilt-up.org\/tilt-uptoday\/es\/2024\/02\/22\/call-for-seminars-25th-tilt-up-convention-and-expo\/","title":{"rendered":"Convocatoria a Seminarios: 25\u00aa Convenci\u00f3n y Expo Tilt-Up"},"content":{"rendered":"<figure class=\"wp-block-image size-large\"><img loading=\"lazy\" decoding=\"async\" width=\"1024\" height=\"681\" src=\"https:\/\/tilt-up.org\/tilt-uptoday\/wp-content\/uploads\/2024\/02\/tiltup_friam-65-2000-1024x681.jpg\" alt=\"\" class=\"wp-image-17407\" srcset=\"https:\/\/tilt-up.org\/tilt-uptoday\/wp-content\/uploads\/2024\/02\/tiltup_friam-65-2000-1024x681.jpg 1024w, https:\/\/tilt-up.org\/tilt-uptoday\/wp-content\/uploads\/2024\/02\/tiltup_friam-65-2000-300x200.jpg 300w, https:\/\/tilt-up.org\/tilt-uptoday\/wp-content\/uploads\/2024\/02\/tiltup_friam-65-2000-768x511.jpg 768w, https:\/\/tilt-up.org\/tilt-uptoday\/wp-content\/uploads\/2024\/02\/tiltup_friam-65-2000-1536x1022.jpg 1536w, https:\/\/tilt-up.org\/tilt-uptoday\/wp-content\/uploads\/2024\/02\/tiltup_friam-65-2000.jpg 2000w\" sizes=\"auto, (max-width: 1024px) 100vw, 1024px\" \/><\/figure>\n\n\n\n<p>Mientras nos preparamos para adoptar \u201cLegado de Innovaci\u00f3n: Celebrando la Comunidad en el Valle del Sol\u201d en la 25\u00aa Convenci\u00f3n y Expo Tilt-Up en 2024, te invitamos a ser parte de este notable viaje. Esto no es solo una convenci\u00f3n; es una celebraci\u00f3n del esp\u00edritu pionero que ha definido a nuestra comunidad tilt-up.<\/p>\n\n\n\n<p>El tema de este a\u00f1o encapsula perfectamente nuestro viaje: un viaje marcado por innovaciones trascendentales, comunidades resilientes y un compromiso compartido con el futuro de la construcci\u00f3n Tilt-Up. Buscamos conferencistas que puedan enriquecer nuestro evento con sus perspectivas \u00fanicas, experiencias del mundo real e ideas innovadoras.<\/p>\n\n\n\n<h2 class=\"wp-block-heading\">Comparte Tu Historia<\/h2>\n\n\n\n<p>Ya seas un experto experimentado o un apasionado defensor del tilt-up, tu historia es importante. Estamos interesados en seminarios que se alineen con nuestro tema de explorar proyectos innovadores, tecnolog\u00edas revolucionarias y el futuro de nuestra industria.<\/p>\n\n\n\n<p>Si bien damos la bienvenida a oradores de diversos or\u00edgenes, priorizamos contenido de alta calidad directamente relacionado con el dise\u00f1o o la construcci\u00f3n de edificios prefabricados (tilt-up). Su seminario debe inspirar y educar, y generar discusiones significativas dentro de nuestra comunidad.<\/p>\n\n\n\n<h2 class=\"wp-block-heading\">Detalles de la entrega<\/h2>\n\n\n\n<ul class=\"wp-block-list\">\n<li><strong>T\u00edtulo del seminario:<\/strong> T\u00edtulo cautivador que refleja la esencia de tu seminario y su relevancia para la comunidad de Tilt-Up.<\/li>\n\n\n\n<li><strong>Descripci\u00f3n:<\/strong> Comparte una descripci\u00f3n completa de tu seminario. \u00bfC\u00f3mo contribuye al \u201cLegado de Innovaci\u00f3n\u201d? \u00bfQu\u00e9 obtendr\u00e1n los asistentes de tu sesi\u00f3n?<\/li>\n\n\n\n<li><strong>Objetivos de aprendizaje:<\/strong> Al finalizar el seminario, los asistentes podr\u00e1n:\n\n1.\tIdentificar los tres principales obst\u00e1culos que dificultan la adopci\u00f3n de nuevas tecnolog\u00edas en el lugar de trabajo.\n2.\tDemostrar c\u00f3mo aplicar al menos dos t\u00e9cnicas de gesti\u00f3n del cambio para superar la resistencia de los empleados.\n3.\tDescribir los beneficios medibles esperados de la implementaci\u00f3n de la tecnolog\u00eda X en su departamento.\n4.\tDesarrollar un plan de acci\u00f3n inicial de tres pasos para introducir una nueva herramienta tecnol\u00f3gica en sus equipos.<\/li>\n\n\n\n<li><strong>Imagen de referencia:<\/strong> Incluye una imagen que encarne el esp\u00edritu de tu seminario y que pueda usarse para promoci\u00f3n.<\/li>\n\n\n\n<li>S<strong>Informaci\u00f3n del ponente:<\/strong> Cu\u00e9ntanos tu historia en tu biograf\u00eda y proporciona una foto tuya de primer plano de alta resoluci\u00f3n.<\/li>\n<\/ul>\n\n\n\n<p>Las propuestas son evaluadas por el Comit\u00e9 de Educaci\u00f3n de TCA.<\/p>\n\n\n\n<p><strong>Fechas importantes<\/strong><\/p>\n\n\n\n<ul class=\"wp-block-list\">\n<li><strong>Fecha l\u00edmite de entrega:<\/strong> 1 de marzo de 2024, a las 23:59 (hora central)<\/li>\n\n\n\n<li><strong>Notificaci\u00f3n de Aceptaci\u00f3n: <\/strong>15 de marzo de 2024<\/li>\n<\/ul>\n\n\n\n<p>Esta es tu oportunidad de formar parte de la 25\u00aa Convenci\u00f3n y Expo Tilt-Up y contribuir a nuestra vibrante comunidad de tilt-up. Comparte tu perspectiva \u00fanica, genera nuevas ideas y ay\u00fadanos a celebrar nuestro \u201cLegado de Innovaci\u00f3n\u201d en el Valle del Sol.<\/p>\n\n\n\n<p><strong>Enviar aqu\u00ed -&gt;<\/strong> <a href=\"https:\/\/form.jotform.com\/233328629582161\" target=\"_blank\" rel=\"noopener\">https:\/\/form.jotform.com\/233328629582161<\/a><\/p>","protected":false},"excerpt":{"rendered":"<div class=\"mh-excerpt\">Mientras nos preparamos para adoptar \u201cLegado de Innovaci\u00f3n: Celebrando la Comunidad en el Valle del Sol\u201d en la 25.\u00aa Convenci\u00f3n y Exposici\u00f3n Tilt-Up en 2024, lo invitamos a ser parte de este notable <a class=\"mh-excerpt-more\" href=\"https:\/\/tilt-up.org\/tilt-uptoday\/es\/2024\/02\/22\/call-for-seminars-25th-tilt-up-convention-and-expo\/\" title=\"Convocatoria a Seminarios: 25\u00aa Convenci\u00f3n y Expo Tilt-Up\"> Leer m\u00e1s\u2026<\/a><\/div>","protected":false},"author":6,"featured_media":17407,"comment_status":"open","ping_status":"open","sticky":false,"template":"","format":"standard","meta":{"footnotes":""},"categories":[6,29],"tags":[],"class_list":{"0":"post-17406","1":"post","2":"type-post","3":"status-publish","4":"format-standard","5":"has-post-thumbnail","7":"category-industry","8":"category-news"},"_links":{"self":[{"href":"https:\/\/tilt-up.org\/tilt-uptoday\/es\/wp-json\/wp\/v2\/posts\/17406","targetHints":{"allow":["GET"]}}],"collection":[{"href":"https:\/\/tilt-up.org\/tilt-uptoday\/es\/wp-json\/wp\/v2\/posts"}],"about":[{"href":"https:\/\/tilt-up.org\/tilt-uptoday\/es\/wp-json\/wp\/v2\/types\/post"}],"author":[{"embeddable":true,"href":"https:\/\/tilt-up.org\/tilt-uptoday\/es\/wp-json\/wp\/v2\/users\/6"}],"replies":[{"embeddable":true,"href":"https:\/\/tilt-up.org\/tilt-uptoday\/es\/wp-json\/wp\/v2\/comments?post=17406"}],"version-history":[{"count":4,"href":"https:\/\/tilt-up.org\/tilt-uptoday\/es\/wp-json\/wp\/v2\/posts\/17406\/revisions"}],"predecessor-version":[{"id":19039,"href":"https:\/\/tilt-up.org\/tilt-uptoday\/es\/wp-json\/wp\/v2\/posts\/17406\/revisions\/19039"}],"wp:featuredmedia":[{"embeddable":true,"href":"https:\/\/tilt-up.org\/tilt-uptoday\/es\/wp-json\/wp\/v2\/media\/17407"}],"wp:attachment":[{"href":"https:\/\/tilt-up.org\/tilt-uptoday\/es\/wp-json\/wp\/v2\/media?parent=17406"}],"wp:term":[{"taxonomy":"category","embeddable":true,"href":"https:\/\/tilt-up.org\/tilt-uptoday\/es\/wp-json\/wp\/v2\/categories?post=17406"},{"taxonomy":"post_tag","embeddable":true,"href":"https:\/\/tilt-up.org\/tilt-uptoday\/es\/wp-json\/wp\/v2\/tags?post=17406"}],"curies":[{"name":"la hora de","href":"https:\/\/api.w.org\/{rel}","templated":true}]}}