{"id":17255,"date":"2023-11-29T12:02:19","date_gmt":"2023-11-29T17:02:19","guid":{"rendered":"https:\/\/tilt-up.org\/tilt-uptoday\/?p=17255"},"modified":"2025-11-24T13:32:37","modified_gmt":"2025-11-24T18:32:37","slug":"the-centrality-of-community","status":"publish","type":"post","link":"https:\/\/tilt-up.org\/tilt-uptoday\/es\/2023\/11\/29\/the-centrality-of-community\/","title":{"rendered":"La importancia de la comunidad"},"content":{"rendered":"<div class=\"wp-block-image is-resized\">\n<figure class=\"alignleft size-large\"><img loading=\"lazy\" decoding=\"async\" width=\"768\" height=\"1024\" src=\"https:\/\/tilt-up.org\/tilt-uptoday\/wp-content\/uploads\/2019\/11\/IMG_9591-2-r-1-768x1024.jpg\" alt=\"\" class=\"wp-image-14271\" style=\"aspect-ratio:0.75;width:233px;height:auto\" srcset=\"https:\/\/tilt-up.org\/tilt-uptoday\/wp-content\/uploads\/2019\/11\/IMG_9591-2-r-1-768x1024.jpg 768w, https:\/\/tilt-up.org\/tilt-uptoday\/wp-content\/uploads\/2019\/11\/IMG_9591-2-r-1-225x300.jpg 225w\" sizes=\"auto, (max-width: 768px) 100vw, 768px\" \/><\/figure>\n<\/div>\n\n\n<p>La Tilt-Up Convention and Expo se erige como un testimonio del profundo impacto de la comunidad en la configuraci\u00f3n de la trayectoria de nuestra industria. En mi papel como Director Ejecutivo de la Tilt-Up Concrete Association, he llegado a apreciar que la esencia de esta reuni\u00f3n trasciende los l\u00edmites convencionales de seminarios educativos, stands de exposici\u00f3n y recepciones de c\u00f3ctel. Es la encarnaci\u00f3n de una comunidad vibrante, comprometida y profundamente conectada, donde cada miembro desempe\u00f1a un papel integral en el viaje colectivo hacia la excelencia y la innovaci\u00f3n.<\/p>\n\n\n\n<p>Reflexionando sobre nuestro reciente evento, queda muy claro que el mayor catalizador que impulsa una asistencia r\u00e9cord es, de hecho, la propia comunidad. La convenci\u00f3n sirve como un microcosmos de nuestra gran familia del tilt-up, proporcionando un espacio para la convergencia de diversas perspectivas, experiencias y conocimientos. Es dentro de este crisol de conocimiento compartido y apoyo mutuo donde se desarrolla la verdadera magia de nuestra comunidad. Las interacciones, tanto formales como informales, generan una sinergia que nos impulsa hacia adelante, desafiando el status quo y fomentando una cultura de mejora continua.<\/p>\n\n\n\n<p>El poder de nuestra comunidad reside en su habilidad para aprovechar la sabidur\u00eda y pasi\u00f3n colectivas de sus miembros. Cada individuo aporta un conjunto \u00fanico de experiencias y perspectivas, contribuyendo a un rico tapiz de conocimientos que es mayor que la suma de sus partes. Es este esp\u00edritu colaborativo el que nos permite navegar por las complejidades de nuestra industria, innovar ante los desaf\u00edos y cultivar un sentido de pertenencia y prop\u00f3sito.<\/p>\n\n\n\n<p>Escrib\u00ed sobre esto en particular despu\u00e9s de nuestra convenci\u00f3n virtual en 2020. La verdad fundamental es que nuestra comunidad es el latido de nuestra asociaci\u00f3n. Es el catalizador del crecimiento, la fuente de inspiraci\u00f3n y el cimiento sobre el cual construimos nuestro futuro. En esta edici\u00f3n, al presentar nuestras \u201cCr\u00f3nicas de la Convenci\u00f3n\u201d, celebramos el poder de la comunidad y el impacto indeleble que tiene en nuestra industria y en cada uno de nosotros como miembros de esta notable familia del tilt-up.<\/p>\n\n\n\n<figure class=\"wp-block-image size-full is-resized\"><img loading=\"lazy\" decoding=\"async\" width=\"624\" height=\"243\" src=\"https:\/\/tilt-up.org\/tilt-uptoday\/wp-content\/uploads\/2017\/05\/Mitch-Bloomquist-Signature-2.jpg\" alt=\"\" class=\"wp-image-8285\" style=\"aspect-ratio:2.567901234567901;width:236px;height:auto\" srcset=\"https:\/\/tilt-up.org\/tilt-uptoday\/wp-content\/uploads\/2017\/05\/Mitch-Bloomquist-Signature-2.jpg 624w, https:\/\/tilt-up.org\/tilt-uptoday\/wp-content\/uploads\/2017\/05\/Mitch-Bloomquist-Signature-2-300x117.jpg 300w\" sizes=\"auto, (max-width: 624px) 100vw, 624px\" \/><\/figure>","protected":false},"excerpt":{"rendered":"<div class=\"mh-excerpt\">La Convenci\u00f3n y Exposici\u00f3n Tilt-Up es un claro ejemplo del profundo impacto que tiene la comunidad en la evoluci\u00f3n de nuestro sector. En mi calidad de director ejecutivo de la Asociaci\u00f3n de Hormig\u00f3n Tilt-Up, yo <a class=\"mh-excerpt-more\" href=\"https:\/\/tilt-up.org\/tilt-uptoday\/es\/2023\/11\/29\/the-centrality-of-community\/\" title=\"La importancia de la comunidad\"> Leer m\u00e1s\u2026<\/a><\/div>","protected":false},"author":6,"featured_media":14271,"comment_status":"open","ping_status":"open","sticky":false,"template":"","format":"standard","meta":{"footnotes":""},"categories":[417],"tags":[],"class_list":{"0":"post-17255","1":"post","2":"type-post","3":"status-publish","4":"format-standard","5":"has-post-thumbnail","7":"category-from-the-director"},"_links":{"self":[{"href":"https:\/\/tilt-up.org\/tilt-uptoday\/es\/wp-json\/wp\/v2\/posts\/17255","targetHints":{"allow":["GET"]}}],"collection":[{"href":"https:\/\/tilt-up.org\/tilt-uptoday\/es\/wp-json\/wp\/v2\/posts"}],"about":[{"href":"https:\/\/tilt-up.org\/tilt-uptoday\/es\/wp-json\/wp\/v2\/types\/post"}],"author":[{"embeddable":true,"href":"https:\/\/tilt-up.org\/tilt-uptoday\/es\/wp-json\/wp\/v2\/users\/6"}],"replies":[{"embeddable":true,"href":"https:\/\/tilt-up.org\/tilt-uptoday\/es\/wp-json\/wp\/v2\/comments?post=17255"}],"version-history":[{"count":5,"href":"https:\/\/tilt-up.org\/tilt-uptoday\/es\/wp-json\/wp\/v2\/posts\/17255\/revisions"}],"predecessor-version":[{"id":19053,"href":"https:\/\/tilt-up.org\/tilt-uptoday\/es\/wp-json\/wp\/v2\/posts\/17255\/revisions\/19053"}],"wp:featuredmedia":[{"embeddable":true,"href":"https:\/\/tilt-up.org\/tilt-uptoday\/es\/wp-json\/wp\/v2\/media\/14271"}],"wp:attachment":[{"href":"https:\/\/tilt-up.org\/tilt-uptoday\/es\/wp-json\/wp\/v2\/media?parent=17255"}],"wp:term":[{"taxonomy":"category","embeddable":true,"href":"https:\/\/tilt-up.org\/tilt-uptoday\/es\/wp-json\/wp\/v2\/categories?post=17255"},{"taxonomy":"post_tag","embeddable":true,"href":"https:\/\/tilt-up.org\/tilt-uptoday\/es\/wp-json\/wp\/v2\/tags?post=17255"}],"curies":[{"name":"la hora de","href":"https:\/\/api.w.org\/{rel}","templated":true}]}}