{"id":16760,"date":"2023-03-27T08:15:44","date_gmt":"2023-03-27T13:15:44","guid":{"rendered":"https:\/\/tilt-up.org\/tilt-uptoday\/?p=16760"},"modified":"2025-10-28T10:58:35","modified_gmt":"2025-10-28T15:58:35","slug":"hand-the-torch","status":"publish","type":"post","link":"https:\/\/tilt-up.org\/tilt-uptoday\/es\/2023\/03\/27\/hand-the-torch\/","title":{"rendered":"Pasa la antorcha"},"content":{"rendered":"<div class=\"wp-block-image\"><figure class=\"alignleft size-large is-resized\"><img loading=\"lazy\" decoding=\"async\" src=\"https:\/\/tilt-up.org\/tilt-uptoday\/wp-content\/uploads\/2021\/05\/Barclay-Casual-r-1-783x1024.jpg\" alt=\"\" class=\"wp-image-15501\" width=\"198\" height=\"259\" srcset=\"https:\/\/tilt-up.org\/tilt-uptoday\/wp-content\/uploads\/2021\/05\/Barclay-Casual-r-1-783x1024.jpg 783w, https:\/\/tilt-up.org\/tilt-uptoday\/wp-content\/uploads\/2021\/05\/Barclay-Casual-r-1-229x300.jpg 229w, https:\/\/tilt-up.org\/tilt-uptoday\/wp-content\/uploads\/2021\/05\/Barclay-Casual-r-1-768x1005.jpg 768w, https:\/\/tilt-up.org\/tilt-uptoday\/wp-content\/uploads\/2021\/05\/Barclay-Casual-r-1.jpg 917w\" sizes=\"auto, (max-width: 198px) 100vw, 198px\" \/><\/figure><\/div>\n\n\n\n<p>Mientras escribo mi \u00faltima carta presidencial de la TCA, reflexiono sobre mi participaci\u00f3n en la TCA a lo largo de mi carrera. Fui elegido por primera vez para la Junta Directiva de la TCA en 2010. En 2011, di mi primera presentaci\u00f3n en la TCA en nuestra convenci\u00f3n. Recuerdo, all\u00e1 por 2011, que estaba tan nervioso por presentar ante una gran multitud. No pude dormir bien durante toda la semana anterior a mi presentaci\u00f3n. El d\u00eda de mi primera presentaci\u00f3n, estaba tan nervioso que no pude comer nada. Creo que mi primera presentaci\u00f3n sali\u00f3 muy bien porque la TCA me pidi\u00f3 que regresara a presentar al a\u00f1o siguiente. Fue un gran alivio despu\u00e9s de terminar mi primera presentaci\u00f3n en la TCA. Sent\u00ed que crec\u00ed como persona al presentar ante una gran multitud, \u00a1y pude educar y hacer mi parte para mejorar la TCA y nuestra industria de tilt-up!&nbsp;<\/p>\n\n\n\n<p>Para m\u00ed, personalmente, fue un honor de toda la vida servir como presidente de la TCA durante 2020-2022. Crec\u00ed en una granja en Hillsboro, Missouri, y trabaj\u00e9 en mi primer panel Tilt-up en 1988, justo despu\u00e9s de terminar la secundaria, como carpintero aprendiz sindicalizado. Trabajar en sitios de construcci\u00f3n con tierra bajo mis u\u00f1as fue mi \u201ceducaci\u00f3n universitaria\u201d y llegu\u00e9 hasta la presidencia de la TCA. Recib\u00ed varios honores de la TCA en el camino, incluido ser nombrado \u201cContratista del A\u00f1o\u201d de la TCA en 2017, ser elegido para el Colegio de Miembros Distinguidos de la TCA en 2019 y, actualmente, estar incluido entre los \u201c20 Principales Influenciadores de la Industria\u201d de la TCA.\u201d<\/p>\n\n\n\n<p>Mi historia de \u00e9xito con la TCA es muy similar a la de muchas personas involucradas con la TCA. Las personas que forman la TCA son absolutamente el mejor grupo de gente que conocer\u00e1s en este planeta. T\u00fa puedes tener la misma historia de \u00e9xito con la TCA que yo, simplemente present\u00e1ndote, dedicando tu tiempo, involucr\u00e1ndote, compartiendo tus ideas y haciendo tu parte para ayudar a quienes est\u00e1n en la industria de la construcci\u00f3n de concreto prefabricado (tilt-up) a aprender y crecer.&nbsp;<\/p>\n\n\n\n<p>En 2013, tuve la bendici\u00f3n de servir en la Junta Directiva de la TCA bajo la presidencia de Kim Corwin, la primera mujer en ocupar ese cargo en la TCA. Kim hizo un trabajo fenomenal como presidenta de la TCA. Elev\u00f3 la vara m\u00e1s alto para todas las futuras presidentas de la TCA, y aprend\u00ed mucho de ella.&nbsp;<\/p>\n\n\n\n<p>Ahora, como mi \u00faltima tarea como presidente de la TCA, es un gran placer para m\u00ed pasar oficialmente la antorcha de la presidencia de la TCA. Karen Hand es ahora la segunda mujer presidenta de la TCA. No tengo duda de que Karen elevar\u00e1 la vara a\u00fan m\u00e1s alto de lo que jam\u00e1s se haya elevado. Ella es una gran persona y l\u00edder.&nbsp;<\/p>\n\n\n\n<p>Gracias.,&nbsp;<\/p>\n\n\n\n<p>Barclay Gebel<\/p>\n\n\n\n<figure class=\"wp-block-image size-large is-resized\"><img loading=\"lazy\" decoding=\"async\" src=\"https:\/\/tilt-up.org\/tilt-uptoday\/wp-content\/uploads\/2021\/08\/Barclay-Gebel-Signature-r-1-1024x163.jpg\" alt=\"\" class=\"wp-image-15674\" width=\"335\" height=\"52\" srcset=\"https:\/\/tilt-up.org\/tilt-uptoday\/wp-content\/uploads\/2021\/08\/Barclay-Gebel-Signature-r-1-1024x163.jpg 1024w, https:\/\/tilt-up.org\/tilt-uptoday\/wp-content\/uploads\/2021\/08\/Barclay-Gebel-Signature-r-1-300x48.jpg 300w, https:\/\/tilt-up.org\/tilt-uptoday\/wp-content\/uploads\/2021\/08\/Barclay-Gebel-Signature-r-1-768x122.jpg 768w, https:\/\/tilt-up.org\/tilt-uptoday\/wp-content\/uploads\/2021\/08\/Barclay-Gebel-Signature-r-1.jpg 1500w\" sizes=\"auto, (max-width: 335px) 100vw, 335px\" \/><\/figure>\n\n\n\n<p>Ex presidente de la TCA&nbsp; &nbsp;<\/p>","protected":false},"excerpt":{"rendered":"<div class=\"mh-excerpt\">Mientras escribo mi \u00faltima carta de presidente de la TCA, repaso mi participaci\u00f3n en la TCA a lo largo de mi carrera. Fui elegido por primera vez para la Junta Directiva de la TCA en 2010. En 2011, hice <a class=\"mh-excerpt-more\" href=\"https:\/\/tilt-up.org\/tilt-uptoday\/es\/2023\/03\/27\/hand-the-torch\/\" title=\"Pasa la antorcha\"> Leer m\u00e1s\u2026<\/a><\/div>","protected":false},"author":6,"featured_media":15501,"comment_status":"open","ping_status":"open","sticky":false,"template":"","format":"standard","meta":{"footnotes":""},"categories":[374],"tags":[],"class_list":{"0":"post-16760","1":"post","2":"type-post","3":"status-publish","4":"format-standard","5":"has-post-thumbnail","7":"category-opinion-editorial"},"_links":{"self":[{"href":"https:\/\/tilt-up.org\/tilt-uptoday\/es\/wp-json\/wp\/v2\/posts\/16760","targetHints":{"allow":["GET"]}}],"collection":[{"href":"https:\/\/tilt-up.org\/tilt-uptoday\/es\/wp-json\/wp\/v2\/posts"}],"about":[{"href":"https:\/\/tilt-up.org\/tilt-uptoday\/es\/wp-json\/wp\/v2\/types\/post"}],"author":[{"embeddable":true,"href":"https:\/\/tilt-up.org\/tilt-uptoday\/es\/wp-json\/wp\/v2\/users\/6"}],"replies":[{"embeddable":true,"href":"https:\/\/tilt-up.org\/tilt-uptoday\/es\/wp-json\/wp\/v2\/comments?post=16760"}],"version-history":[{"count":6,"href":"https:\/\/tilt-up.org\/tilt-uptoday\/es\/wp-json\/wp\/v2\/posts\/16760\/revisions"}],"predecessor-version":[{"id":19077,"href":"https:\/\/tilt-up.org\/tilt-uptoday\/es\/wp-json\/wp\/v2\/posts\/16760\/revisions\/19077"}],"wp:featuredmedia":[{"embeddable":true,"href":"https:\/\/tilt-up.org\/tilt-uptoday\/es\/wp-json\/wp\/v2\/media\/15501"}],"wp:attachment":[{"href":"https:\/\/tilt-up.org\/tilt-uptoday\/es\/wp-json\/wp\/v2\/media?parent=16760"}],"wp:term":[{"taxonomy":"category","embeddable":true,"href":"https:\/\/tilt-up.org\/tilt-uptoday\/es\/wp-json\/wp\/v2\/categories?post=16760"},{"taxonomy":"post_tag","embeddable":true,"href":"https:\/\/tilt-up.org\/tilt-uptoday\/es\/wp-json\/wp\/v2\/tags?post=16760"}],"curies":[{"name":"la hora de","href":"https:\/\/api.w.org\/{rel}","templated":true}]}}