{"id":16755,"date":"2023-03-27T08:18:34","date_gmt":"2023-03-27T13:18:34","guid":{"rendered":"https:\/\/tilt-up.org\/tilt-uptoday\/?p=16755"},"modified":"2025-11-13T09:17:06","modified_gmt":"2025-11-13T14:17:06","slug":"supporting-our-growing-international-community","status":"publish","type":"post","link":"https:\/\/tilt-up.org\/tilt-uptoday\/es\/2023\/03\/27\/supporting-our-growing-international-community\/","title":{"rendered":"Apoyando a nuestra creciente comunidad internacional"},"content":{"rendered":"<div class=\"wp-block-image\"><figure class=\"alignleft size-large is-resized\"><img loading=\"lazy\" decoding=\"async\" src=\"https:\/\/tilt-up.org\/tilt-uptoday\/wp-content\/uploads\/2019\/11\/IMG_9591-2-r-1-768x1024.jpg\" alt=\"\" class=\"wp-image-14271\" width=\"185\" height=\"247\" srcset=\"https:\/\/tilt-up.org\/tilt-uptoday\/wp-content\/uploads\/2019\/11\/IMG_9591-2-r-1-768x1024.jpg 768w, https:\/\/tilt-up.org\/tilt-uptoday\/wp-content\/uploads\/2019\/11\/IMG_9591-2-r-1-225x300.jpg 225w\" sizes=\"auto, (max-width: 185px) 100vw, 185px\" \/><\/figure><\/div>\n\n\n\n<p>Nuestro amigo Jorge Figueroa Silva, CEO de Tilt-Up Asesores SA de CV, present\u00f3 una ponencia en la Convenci\u00f3n y Expo Tilt-Up 2022 en Denver, Colorado, titulada: \u201cTilt-Up en M\u00e9xico: Desaf\u00edos y Oportunidades\u201d. En ella, expuso c\u00f3mo la construcci\u00f3n en M\u00e9xico se ve influenciada por los procesos y avances tecnol\u00f3gicos que ocurren en Norteam\u00e9rica, con un desfase de aproximadamente 5 a 10 a\u00f1os.&nbsp;<\/p>\n\n\n\n<p>Dirigi\u00e9ndose a la multitud de asistentes, en su mayor\u00eda hispanohablantes y apasionados por su pa\u00eds, comparti\u00f3 c\u00f3mo un rezago en los avances tecnol\u00f3gicos, dificultades en la adquisici\u00f3n de suministros y diferencias culturales se combinan para crear una situaci\u00f3n potencialmente problem\u00e1tica para nuestra industria de paneles precolados en Latinoam\u00e9rica. Rog\u00f3 a los l\u00edderes de nuestra industria en Estados Unidos que inviertan en la educaci\u00f3n, capacitaci\u00f3n y crecimiento de la industria de paneles precolados en Latinoam\u00e9rica. Explic\u00f3 c\u00f3mo el continuo avance de la industria m\u00e1s all\u00e1 de M\u00e9xico, hacia el sur, depender\u00eda de la salud de la comunidad mexicana de paneles precolados.&nbsp;<\/p>\n\n\n\n<p>Su mensaje reson\u00f3 conmigo ya que se relaciona directamente con dos responsabilidades fundamentales de la asociaci\u00f3n:<\/p>\n\n\n\n<ul class=\"wp-block-list\"><li>Mantener una estatura profesional como la organizaci\u00f3n mejor informada sobre el tema del concreto prefabricado en sitio.<\/li><li>2. Desarrollar y expandir mercados de hormig\u00f3n precolado.<\/li><\/ul>\n\n\n\n<p>En el pasado, hemos trabajado para cumplir con estos compromisos para nuestra comunidad de concreto prefabricado (tilt-up) m\u00e1s all\u00e1 de las fronteras de EE.UU., y estamos entusiasmados de reafirmar esos esfuerzos en 2023 reinvirtiendo en la educaci\u00f3n y promoci\u00f3n del tilt-up en el extranjero. Durante el a\u00f1o se introducir\u00e1n nuevas iniciativas para apoyar el desarrollo de miembros en M\u00e9xico y Sudam\u00e9rica. Adicionalmente, se fortalecer\u00e1 nuestro compromiso de proveer recursos multiling\u00fces.&nbsp;<\/p>\n\n\n\n<p>Para dar inicio a estas importantes iniciativas, la TCA est\u00e1 estableciendo un Grupo de Trabajo de Membres\u00eda Internacional que identificar\u00e1 oportunidades y estrategias para aumentar la participaci\u00f3n de miembros fuera de los Estados Unidos. Espero informar sobre sus ideas y actividades en un futuro pr\u00f3ximo.<\/p>\n\n\n\n<figure class=\"wp-block-image size-full\"><img loading=\"lazy\" decoding=\"async\" width=\"200\" height=\"78\" src=\"https:\/\/tilt-up.org\/tilt-uptoday\/wp-content\/uploads\/2018\/01\/Mitch-Bloomquist-Signature-SML-R.jpg\" alt=\"\" class=\"wp-image-8940\"\/><\/figure>","protected":false},"excerpt":{"rendered":"<div class=\"mh-excerpt\">Nuestro amigo Jorge Figueroa Silva, director general de Tilt-Up Asesores S.A. de C.V., imparti\u00f3 una conferencia en la Convenci\u00f3n y Exposici\u00f3n Tilt-Up 2022 celebrada en Denver, Colorado, titulada \u201cTilt-Up en M\u00e9xico: retos y oportunidades\u201d. En ella, \u00e9l <a class=\"mh-excerpt-more\" href=\"https:\/\/tilt-up.org\/tilt-uptoday\/es\/2023\/03\/27\/supporting-our-growing-international-community\/\" title=\"Apoyando a nuestra creciente comunidad internacional\"> Leer m\u00e1s\u2026<\/a><\/div>","protected":false},"author":6,"featured_media":14271,"comment_status":"open","ping_status":"open","sticky":false,"template":"","format":"standard","meta":{"footnotes":""},"categories":[391,393],"tags":[],"class_list":{"0":"post-16755","1":"post","2":"type-post","3":"status-publish","4":"format-standard","5":"has-post-thumbnail","7":"category-market-insights-canada","8":"category-market-insights-mexico"},"_links":{"self":[{"href":"https:\/\/tilt-up.org\/tilt-uptoday\/es\/wp-json\/wp\/v2\/posts\/16755","targetHints":{"allow":["GET"]}}],"collection":[{"href":"https:\/\/tilt-up.org\/tilt-uptoday\/es\/wp-json\/wp\/v2\/posts"}],"about":[{"href":"https:\/\/tilt-up.org\/tilt-uptoday\/es\/wp-json\/wp\/v2\/types\/post"}],"author":[{"embeddable":true,"href":"https:\/\/tilt-up.org\/tilt-uptoday\/es\/wp-json\/wp\/v2\/users\/6"}],"replies":[{"embeddable":true,"href":"https:\/\/tilt-up.org\/tilt-uptoday\/es\/wp-json\/wp\/v2\/comments?post=16755"}],"version-history":[{"count":4,"href":"https:\/\/tilt-up.org\/tilt-uptoday\/es\/wp-json\/wp\/v2\/posts\/16755\/revisions"}],"predecessor-version":[{"id":19076,"href":"https:\/\/tilt-up.org\/tilt-uptoday\/es\/wp-json\/wp\/v2\/posts\/16755\/revisions\/19076"}],"wp:featuredmedia":[{"embeddable":true,"href":"https:\/\/tilt-up.org\/tilt-uptoday\/es\/wp-json\/wp\/v2\/media\/14271"}],"wp:attachment":[{"href":"https:\/\/tilt-up.org\/tilt-uptoday\/es\/wp-json\/wp\/v2\/media?parent=16755"}],"wp:term":[{"taxonomy":"category","embeddable":true,"href":"https:\/\/tilt-up.org\/tilt-uptoday\/es\/wp-json\/wp\/v2\/categories?post=16755"},{"taxonomy":"post_tag","embeddable":true,"href":"https:\/\/tilt-up.org\/tilt-uptoday\/es\/wp-json\/wp\/v2\/tags?post=16755"}],"curies":[{"name":"la hora de","href":"https:\/\/api.w.org\/{rel}","templated":true}]}}