{"id":1632,"date":"2012-07-30T13:03:46","date_gmt":"2012-07-30T18:03:46","guid":{"rendered":"http:\/\/72.167.124.155\/tilt-uptoday\/?p=1632"},"modified":"2015-06-08T02:38:28","modified_gmt":"2015-06-08T07:38:28","slug":"wendy-ward-1979-2012","status":"publish","type":"post","link":"https:\/\/tilt-up.org\/tilt-uptoday\/es\/2012\/07\/30\/wendy-ward-1979-2012\/","title":{"rendered":"Wendy Ward 1979-2012"},"content":{"rendered":"<p><img loading=\"lazy\" decoding=\"async\" class=\"alignright size-medium wp-image-1634\" title=\"Wendy\" src=\"http:\/\/tilt-up.org\/tilt-uptoday\/wp-content\/uploads\/2012\/07\/Wendy1-200x300.jpg\" alt=\"\" width=\"200\" height=\"300\" srcset=\"https:\/\/tilt-up.org\/tilt-uptoday\/wp-content\/uploads\/2012\/07\/Wendy1-200x300.jpg 200w, https:\/\/tilt-up.org\/tilt-uptoday\/wp-content\/uploads\/2012\/07\/Wendy1-684x1024.jpg 684w, https:\/\/tilt-up.org\/tilt-uptoday\/wp-content\/uploads\/2012\/07\/Wendy1-768x1150.jpg 768w, https:\/\/tilt-up.org\/tilt-uptoday\/wp-content\/uploads\/2012\/07\/Wendy1-1026x1536.jpg 1026w, https:\/\/tilt-up.org\/tilt-uptoday\/wp-content\/uploads\/2012\/07\/Wendy1-683x1024.jpg 683w, https:\/\/tilt-up.org\/tilt-uptoday\/wp-content\/uploads\/2012\/07\/Wendy1.jpg 1202w\" sizes=\"auto, (max-width: 200px) 100vw, 200px\" \/>Es con profunda tristeza que el equipo de Constructive Communication, Inc. comparte con usted que Wendy Ward, Vicepresidenta Senior, falleci\u00f3 el viernes 17 de mayo a la edad de 32 a\u00f1os. Le sobreviven su esposo Chris, su hija Caroline (6) y su hijo Jack (3).<\/p>\n<p>Durante los \u00faltimos dos a\u00f1os, Wendy ha luchado valientemente contra el c\u00e1ncer de mama. Durante su batalla, inspir\u00f3 a much\u00edsimas personas con su optimismo y fortaleza. De hecho, el a\u00f1o pasado fue elegida por Komen Columbus como su primera \u201cSobreviviente Mam\u00e1 M\u00e1s Valiente\u201d.\u201d<\/p>\n<p>Wendy era conocida por mantener a todos de buen humor y hacer amigos dondequiera que fuera y con todos con quienes entraba en contacto. Su ingenio r\u00e1pido, compasi\u00f3n y dedicaci\u00f3n a ser la mejor madre, amiga, hermana, t\u00eda, hija y empleada nunca flaquearon.<\/p>\n<p>Wendy celebr\u00f3 su d\u00e9cimo aniversario en la empresa en abril y, durante su batalla, continu\u00f3 participando y trabajando cuando sus tratamientos se lo permit\u00edan. De hecho, muchos no sab\u00edan de su c\u00e1ncer, ya que ella no quer\u00eda ning\u00fan trato especial. Pero incluso cuando no ten\u00eda la fuerza para cumplir con su carga de trabajo habitual, sigui\u00f3 siendo una defensora de todos nuestros clientes y de las industrias a las que servimos.<\/p>\n<p>Desde los inicios, cuando la empresa apenas ten\u00eda seis meses y ella se uni\u00f3 como la segunda empleada, Wendy se consolid\u00f3 r\u00e1pidamente como la voz de nuestra organizaci\u00f3n y de nuestros clientes. Era firme en hacer lo correcto y era conocida por impulsar a los clientes a compartir esa misma pasi\u00f3n y dedicaci\u00f3n para hacer el trabajo, y hacerlo bien. Su tenacidad y energ\u00eda eran contagiosas.<\/p>\n<p>En lugar de flores, la familia solicita que se realicen donaciones a la Fundaci\u00f3n para la Investigaci\u00f3n del C\u00e1ncer de Mama. Esto ayudar\u00e1 a mujeres y familias de todo el mundo afectadas por el c\u00e1ncer de mama. Estos fondos se destinar\u00e1n a apoyar la investigaci\u00f3n cl\u00ednica y gen\u00e9tica vital sobre las causas y el tratamiento del c\u00e1ncer de mama en m\u00e1s de 70 instituciones m\u00e9dicas l\u00edderes en Estados Unidos y en todo el mundo.<\/p>\n<p>Wendy Ward fue la gerente de cuentas principal de TCA marketing con Constructive Communication. Como Vicepresidenta Senior de esta consultora de marketing, fue responsable de gran parte de la imagen p\u00fablica que TCA mantuvo durante los \u00faltimos seis a\u00f1os.<\/p>\n<p>Wendy siempre tendr\u00e1 un lugar especial en nuestro coraz\u00f3n.<\/p>\n<h5>Haz una donaci\u00f3n<\/h5>\n<p>\u00danase a otros miembros de TCA para contribuir a un fondo que se donar\u00e1 a esta causa en nombre de \u201cAmigos de TCA de Wendy\u201d. Para donar, <a href=\"\/tilt-uptoday\/es\/bit.ly\/LBRGgA\/\" target=\"_blank\">haz clic aqu\u00ed<\/a>.<\/p>","protected":false},"excerpt":{"rendered":"<div class=\"mh-excerpt\">Es con gran tristeza que el equipo de Constructive Communication, Inc. comparte que Wendy Ward, Vicepresidenta Senior, falleci\u00f3 el viernes 17 de mayo a la edad de 32 a\u00f1os. Le sobreviven <a class=\"mh-excerpt-more\" href=\"https:\/\/tilt-up.org\/tilt-uptoday\/es\/2012\/07\/30\/wendy-ward-1979-2012\/\" title=\"Wendy Ward 1979-2012\"> Leer m\u00e1s\u2026<\/a><\/div>","protected":false},"author":2,"featured_media":1634,"comment_status":"open","ping_status":"open","sticky":false,"template":"","format":"standard","meta":{"footnotes":""},"categories":[7],"tags":[],"class_list":{"0":"post-1632","1":"post","2":"type-post","3":"status-publish","4":"format-standard","5":"has-post-thumbnail","7":"category-tca_announcements"},"_links":{"self":[{"href":"https:\/\/tilt-up.org\/tilt-uptoday\/es\/wp-json\/wp\/v2\/posts\/1632","targetHints":{"allow":["GET"]}}],"collection":[{"href":"https:\/\/tilt-up.org\/tilt-uptoday\/es\/wp-json\/wp\/v2\/posts"}],"about":[{"href":"https:\/\/tilt-up.org\/tilt-uptoday\/es\/wp-json\/wp\/v2\/types\/post"}],"author":[{"embeddable":true,"href":"https:\/\/tilt-up.org\/tilt-uptoday\/es\/wp-json\/wp\/v2\/users\/2"}],"replies":[{"embeddable":true,"href":"https:\/\/tilt-up.org\/tilt-uptoday\/es\/wp-json\/wp\/v2\/comments?post=1632"}],"version-history":[{"count":10,"href":"https:\/\/tilt-up.org\/tilt-uptoday\/es\/wp-json\/wp\/v2\/posts\/1632\/revisions"}],"predecessor-version":[{"id":7363,"href":"https:\/\/tilt-up.org\/tilt-uptoday\/es\/wp-json\/wp\/v2\/posts\/1632\/revisions\/7363"}],"wp:featuredmedia":[{"embeddable":true,"href":"https:\/\/tilt-up.org\/tilt-uptoday\/es\/wp-json\/wp\/v2\/media\/1634"}],"wp:attachment":[{"href":"https:\/\/tilt-up.org\/tilt-uptoday\/es\/wp-json\/wp\/v2\/media?parent=1632"}],"wp:term":[{"taxonomy":"category","embeddable":true,"href":"https:\/\/tilt-up.org\/tilt-uptoday\/es\/wp-json\/wp\/v2\/categories?post=1632"},{"taxonomy":"post_tag","embeddable":true,"href":"https:\/\/tilt-up.org\/tilt-uptoday\/es\/wp-json\/wp\/v2\/tags?post=1632"}],"curies":[{"name":"la hora de","href":"https:\/\/api.w.org\/{rel}","templated":true}]}}