{"id":16208,"date":"2022-03-16T14:48:05","date_gmt":"2022-03-16T19:48:05","guid":{"rendered":"https:\/\/tilt-up.org\/tilt-uptoday\/?p=16208"},"modified":"2025-06-17T10:57:47","modified_gmt":"2025-06-17T15:57:47","slug":"terry-mccracken-nombrado-gerente-de-ventas-nacionales-de-ladrillo-delgado-en-ironrock","status":"publish","type":"post","link":"https:\/\/tilt-up.org\/tilt-uptoday\/es\/2022\/03\/16\/terry-mccracken-nombrado-gerente-de-ventas-nacionales-de-ladrillo-delgado-en-ironrock\/","title":{"rendered":"TERRY MCCRACKEN NAMED NEW NATIONAL THIN BRICK SALES MANAGER AT IRONROCK"},"content":{"rendered":"<div style=\"border: 1px solid #dddddd; padding: 0.5em; background-color: #f5f5f5; width: 666px;\">\n<p style=\"text-align: center; color: #808285;\"><a href=\"https:\/\/tilt-up.org\/tilt-uptoday\/es\/2022\/03\/16\/terry-mccracken-named-national-sales-manager-thin-brick-at-ironrock\/\"><strong>Ingl\u00e9s<\/strong><\/a> | Traducci\u00f3n patrocinada por <a href=\"http:\/\/www.nox-crete.com\" target=\"_blank\" rel=\"noopener noreferrer\">Grupo de productos Nox-Crete<\/a><\/p>\n<\/div>\n\n\n<div class=\"wp-block-image\"><figure class=\"alignleft size-medium\"><img loading=\"lazy\" decoding=\"async\" width=\"225\" height=\"300\" src=\"https:\/\/tilt-up.org\/tilt-uptoday\/wp-content\/uploads\/2022\/03\/Terry_Portrait-225x300.jpg\" alt=\"\" class=\"wp-image-16202\" srcset=\"https:\/\/tilt-up.org\/tilt-uptoday\/wp-content\/uploads\/2022\/03\/Terry_Portrait-225x300.jpg 225w, https:\/\/tilt-up.org\/tilt-uptoday\/wp-content\/uploads\/2022\/03\/Terry_Portrait-768x1024.jpg 768w, https:\/\/tilt-up.org\/tilt-uptoday\/wp-content\/uploads\/2022\/03\/Terry_Portrait-1152x1536.jpg 1152w, https:\/\/tilt-up.org\/tilt-uptoday\/wp-content\/uploads\/2022\/03\/Terry_Portrait-1536x2048.jpg 1536w, https:\/\/tilt-up.org\/tilt-uptoday\/wp-content\/uploads\/2022\/03\/Terry_Portrait-scaled.jpg 1919w\" sizes=\"auto, (max-width: 225px) 100vw, 225px\" \/><\/figure><\/div>\n\n\n\n<p>Terry McCracken fue contratado como Gerente de Ventas Nacionales de revestimiento de ladrillo en Ironrock el 3 de enero de 2022.<\/p>\n\n\n\n<p>El Gerente Nacional de Ventas de Ladrillo Delgado de Ironrock es responsable de cumplir y superar los objetivos anuales de ventas de ladrillo delgado, crear y desarrollar un canal de distribuci\u00f3n nacional robusto y establecer a METROBRICK\u00ae y Royal Thin Brick\u00ae como l\u00edderes en el mercado de ladrillos delgados.<\/p>\n\n\n\n<p>Anteriormente Gerente de Territorio para Meridian Brick, Terry ha trabajado en ventas de ladrillos y ladrillos delgados durante veinticuatro a\u00f1os. \u201cTiene la experiencia de trabajar con muchos distribuidores de ladrillos, desde peque\u00f1os vendedores hasta grandes socios en proyectos comerciales de lujo. Terry tiene una reputaci\u00f3n por su servicio excepcional y su conocimiento de las capacidades de las plantas\u201d, dijo Dianne Young, Directora de Ventas en Ironrock.&nbsp;<\/p>\n\n\n\n<p>En su carrera, el Sr. McCracken ha sido responsable de las ventas de ladrillos en m\u00faltiples estados del este y ha vendido ladrillos delgados en muchos de los estados del oeste.<\/p>\n\n\n\n<p>En su nuevo rol, el Sr. McCracken realizar\u00e1 presentaciones a compa\u00f1\u00edas de arquitectos y especificadores, distribuidores, prefabricados y muros basculantes (tilt-up). Adem\u00e1s, trabajar\u00e1 con compa\u00f1\u00edas de sistemas aplicados en el campo y con otros usuarios e influyentes para las l\u00edneas de productos METROBRICK y Royal Thin Brick.&nbsp;<\/p>\n\n\n\n<figure class=\"wp-block-image is-resized\" id=\"block-a7ac63d9-3f4f-4cc6-9608-650013b367ae\"><img loading=\"lazy\" decoding=\"async\" src=\"https:\/\/tilt-up.org\/tilt-uptoday\/wp-content\/uploads\/2022\/03\/IRONROCK_logo-1024x265.jpg\" alt=\"This image has an empty alt attribute; its file name is IRONROCK_logo-1024x265.jpg\" width=\"274\" height=\"70\"\/><\/figure>","protected":false},"excerpt":{"rendered":"<div class=\"mh-excerpt\">ingl\u00e9s | Traducci\u00f3n Patrocinado por Nox-Crete Products Group Terry McCracken fue contratado como Gerente Nacional de Ventas de Muro Delgado en Ironrock el 3 de enero de 2022. El Gerente Nacional de Ventas de Muro Delgado <a class=\"mh-excerpt-more\" href=\"https:\/\/tilt-up.org\/tilt-uptoday\/es\/2022\/03\/16\/terry-mccracken-nombrado-gerente-de-ventas-nacionales-de-ladrillo-delgado-en-ironrock\/\" title=\"TERRY MCCRACKEN NAMED NEW NATIONAL THIN BRICK SALES MANAGER AT IRONROCK\"> Leer m\u00e1s\u2026<\/a><\/div>","protected":false},"author":6,"featured_media":16202,"comment_status":"open","ping_status":"open","sticky":false,"template":"","format":"standard","meta":{"footnotes":""},"categories":[267],"tags":[],"class_list":{"0":"post-16208","1":"post","2":"type-post","3":"status-publish","4":"format-standard","5":"has-post-thumbnail","7":"category-en-espanol"},"_links":{"self":[{"href":"https:\/\/tilt-up.org\/tilt-uptoday\/es\/wp-json\/wp\/v2\/posts\/16208","targetHints":{"allow":["GET"]}}],"collection":[{"href":"https:\/\/tilt-up.org\/tilt-uptoday\/es\/wp-json\/wp\/v2\/posts"}],"about":[{"href":"https:\/\/tilt-up.org\/tilt-uptoday\/es\/wp-json\/wp\/v2\/types\/post"}],"author":[{"embeddable":true,"href":"https:\/\/tilt-up.org\/tilt-uptoday\/es\/wp-json\/wp\/v2\/users\/6"}],"replies":[{"embeddable":true,"href":"https:\/\/tilt-up.org\/tilt-uptoday\/es\/wp-json\/wp\/v2\/comments?post=16208"}],"version-history":[{"count":2,"href":"https:\/\/tilt-up.org\/tilt-uptoday\/es\/wp-json\/wp\/v2\/posts\/16208\/revisions"}],"predecessor-version":[{"id":16250,"href":"https:\/\/tilt-up.org\/tilt-uptoday\/es\/wp-json\/wp\/v2\/posts\/16208\/revisions\/16250"}],"wp:featuredmedia":[{"embeddable":true,"href":"https:\/\/tilt-up.org\/tilt-uptoday\/es\/wp-json\/wp\/v2\/media\/16202"}],"wp:attachment":[{"href":"https:\/\/tilt-up.org\/tilt-uptoday\/es\/wp-json\/wp\/v2\/media?parent=16208"}],"wp:term":[{"taxonomy":"category","embeddable":true,"href":"https:\/\/tilt-up.org\/tilt-uptoday\/es\/wp-json\/wp\/v2\/categories?post=16208"},{"taxonomy":"post_tag","embeddable":true,"href":"https:\/\/tilt-up.org\/tilt-uptoday\/es\/wp-json\/wp\/v2\/tags?post=16208"}],"curies":[{"name":"la hora de","href":"https:\/\/api.w.org\/{rel}","templated":true}]}}