{"id":16171,"date":"2022-03-16T14:51:13","date_gmt":"2022-03-16T19:51:13","guid":{"rendered":"https:\/\/tilt-up.org\/tilt-uptoday\/?p=16171"},"modified":"2025-10-28T11:11:57","modified_gmt":"2025-10-28T16:11:57","slug":"the-korte-company-promotes-several-employees-into-key-positions","status":"publish","type":"post","link":"https:\/\/tilt-up.org\/tilt-uptoday\/es\/2022\/03\/16\/the-korte-company-promotes-several-employees-into-key-positions\/","title":{"rendered":"La Compa\u00f1\u00eda Korte Promueve a Varios Empleados a Puestos Clave"},"content":{"rendered":"<div class=\"wp-block-image\">\n<figure class=\"alignleft size-large is-resized\"><img loading=\"lazy\" decoding=\"async\" width=\"323\" height=\"1024\" src=\"https:\/\/tilt-up.org\/tilt-uptoday\/wp-content\/uploads\/2022\/03\/All-3-323x1024.jpg\" alt=\"\" class=\"wp-image-16186\" style=\"width:143px;height:454px\" srcset=\"https:\/\/tilt-up.org\/tilt-uptoday\/wp-content\/uploads\/2022\/03\/All-3-323x1024.jpg 323w, https:\/\/tilt-up.org\/tilt-uptoday\/wp-content\/uploads\/2022\/03\/All-3-95x300.jpg 95w, https:\/\/tilt-up.org\/tilt-uptoday\/wp-content\/uploads\/2022\/03\/All-3-485x1536.jpg 485w, https:\/\/tilt-up.org\/tilt-uptoday\/wp-content\/uploads\/2022\/03\/All-3.jpg 500w\" sizes=\"auto, (max-width: 323px) 100vw, 323px\" \/><\/figure>\n<\/div>\n\n\n<p><strong>Derek Brauer<\/strong> ha sido promovido a Vicepresidente Ejecutivo de Adquisiciones y es responsable de la gesti\u00f3n del Desarrollo de Nuevos Negocios, as\u00ed como de dirigir las actividades de Preconstrucci\u00f3n. Derek comenz\u00f3 su carrera en The Korte Company en 2000 como Ingeniero de Proyectos. Tambi\u00e9n fue Ejecutivo de Proyectos con un enfoque principal en el sector del Departamento de Defensa. Adicionalmente, Derek fue un miembro integral de los equipos de Preconstrucci\u00f3n y Gesti\u00f3n de Proyectos de la compa\u00f1\u00eda.<\/p>\n\n\n\n<p><strong>Jason Weiss<\/strong> ha sido nombrado Vicepresidente Ejecutivo de Operaciones y supervisar\u00e1 los pilares de la compa\u00f1\u00eda: Dise\u00f1o, Gesti\u00f3n de Proyectos, Reclutamiento, Control de Calidad y Campo. Jason se uni\u00f3 a The Korte Company en 2004 y ha ocupado varios puestos en la empresa, incluido el de Director Ejecutivo de Gesti\u00f3n de Proyectos. Su experiencia en proyectos abarca sectores clave, incluidos el Departamento de Defensa, centros de distribuci\u00f3n, oficinas y comercios minoristas.&nbsp;<\/p>\n\n\n\n<p><strong>Tyler Unterbrink<\/strong> fue promovido a Vicepresidente de Operaciones de Campo y apoyar\u00e1 al Equipo de Operaciones y dirigir\u00e1 los Equipos de Campo y Seguridad de la compa\u00f1\u00eda. Tyler tambi\u00e9n fue un Ejecutivo de Proyectos liderando los equipos del Centro de Distribuci\u00f3n y ha ocupado numerosos cargos de Gerente de Proyectos en diversos proyectos de construcci\u00f3n desde que se uni\u00f3 a The Korte Company en 2006. Ha sido una parte fundamental de casi tres docenas de importantes proyectos de centros de distribuci\u00f3n, pero su curr\u00edculum tambi\u00e9n incluye entregas exitosas en los mercados de atenci\u00f3n m\u00e9dica, defensa, comercial y educativo.<\/p>\n\n\n\n<figure class=\"wp-block-image size-full is-resized\"><img loading=\"lazy\" decoding=\"async\" width=\"474\" height=\"158\" src=\"https:\/\/tilt-up.org\/tilt-uptoday\/wp-content\/uploads\/2022\/03\/Korte.jpg\" alt=\"\" class=\"wp-image-16173\" style=\"width:231px;height:77px\" srcset=\"https:\/\/tilt-up.org\/tilt-uptoday\/wp-content\/uploads\/2022\/03\/Korte.jpg 474w, https:\/\/tilt-up.org\/tilt-uptoday\/wp-content\/uploads\/2022\/03\/Korte-300x100.jpg 300w\" sizes=\"auto, (max-width: 474px) 100vw, 474px\" \/><\/figure>\n\n\n\n<p><\/p>\n\n\n\n<p><\/p>\n\n\n\n<p><\/p>","protected":false},"excerpt":{"rendered":"<div class=\"mh-excerpt\">Derek Brauer fue promovido a Vicepresidente Ejecutivo de Adquisiciones y es responsable de administrar el Desarrollo de Nuevos Negocios, as\u00ed como de dirigir las actividades de Preconstrucci\u00f3n. Derek comenz\u00f3 su carrera en The Korte Company en el a\u00f1o 2000. <a class=\"mh-excerpt-more\" href=\"https:\/\/tilt-up.org\/tilt-uptoday\/es\/2022\/03\/16\/the-korte-company-promotes-several-employees-into-key-positions\/\" title=\"La Compa\u00f1\u00eda Korte Promueve a Varios Empleados a Puestos Clave\"> Leer m\u00e1s\u2026<\/a><\/div>","protected":false},"author":6,"featured_media":16173,"comment_status":"open","ping_status":"open","sticky":false,"template":"","format":"standard","meta":{"footnotes":""},"categories":[14],"tags":[],"class_list":{"0":"post-16171","1":"post","2":"type-post","3":"status-publish","4":"format-standard","5":"has-post-thumbnail","7":"category-member_news"},"_links":{"self":[{"href":"https:\/\/tilt-up.org\/tilt-uptoday\/es\/wp-json\/wp\/v2\/posts\/16171","targetHints":{"allow":["GET"]}}],"collection":[{"href":"https:\/\/tilt-up.org\/tilt-uptoday\/es\/wp-json\/wp\/v2\/posts"}],"about":[{"href":"https:\/\/tilt-up.org\/tilt-uptoday\/es\/wp-json\/wp\/v2\/types\/post"}],"author":[{"embeddable":true,"href":"https:\/\/tilt-up.org\/tilt-uptoday\/es\/wp-json\/wp\/v2\/users\/6"}],"replies":[{"embeddable":true,"href":"https:\/\/tilt-up.org\/tilt-uptoday\/es\/wp-json\/wp\/v2\/comments?post=16171"}],"version-history":[{"count":20,"href":"https:\/\/tilt-up.org\/tilt-uptoday\/es\/wp-json\/wp\/v2\/posts\/16171\/revisions"}],"predecessor-version":[{"id":19114,"href":"https:\/\/tilt-up.org\/tilt-uptoday\/es\/wp-json\/wp\/v2\/posts\/16171\/revisions\/19114"}],"wp:featuredmedia":[{"embeddable":true,"href":"https:\/\/tilt-up.org\/tilt-uptoday\/es\/wp-json\/wp\/v2\/media\/16173"}],"wp:attachment":[{"href":"https:\/\/tilt-up.org\/tilt-uptoday\/es\/wp-json\/wp\/v2\/media?parent=16171"}],"wp:term":[{"taxonomy":"category","embeddable":true,"href":"https:\/\/tilt-up.org\/tilt-uptoday\/es\/wp-json\/wp\/v2\/categories?post=16171"},{"taxonomy":"post_tag","embeddable":true,"href":"https:\/\/tilt-up.org\/tilt-uptoday\/es\/wp-json\/wp\/v2\/tags?post=16171"}],"curies":[{"name":"la hora de","href":"https:\/\/api.w.org\/{rel}","templated":true}]}}