{"id":15914,"date":"2021-12-20T16:36:51","date_gmt":"2021-12-20T21:36:51","guid":{"rendered":"https:\/\/tilt-up.org\/tilt-uptoday\/?p=15914"},"modified":"2025-06-17T10:46:55","modified_gmt":"2025-06-17T15:46:55","slug":"suspension-de-la-norma-de-emergencia-temporal-ets-de-osha-para-las-vacunaciones-contra-covid-19","status":"publish","type":"post","link":"https:\/\/tilt-up.org\/tilt-uptoday\/es\/2021\/12\/20\/suspension-de-la-norma-de-emergencia-temporal-ets-de-osha-para-las-vacunaciones-contra-covid-19\/","title":{"rendered":"SUSPENSI\u00d3N DE LA NORMA DE EMERGENCIA TEMPORAL (ETS) DE OSHA SOBRE VACUNACI\u00d3N CONTRA COVID-19"},"content":{"rendered":"<div style=\"border: 1px solid #dddddd; padding: 0.5em; background-color: #f5f5f5; width: 666px;\">\n<p style=\"text-align: center; color: #808285;\"><a href=\"https:\/\/tilt-up.org\/tilt-uptoday\/es\/2021\/12\/20\/osha-emergency-temporary-standard-ets-for-covid-19-vaccinations-stayed\/\"><strong>Ingl\u00e9s<\/strong><\/a> | Traducci\u00f3n patrocinada por <a href=\"http:\/\/www.nox-crete.com\" target=\"_blank\" rel=\"noopener noreferrer\">Grupo de productos Nox-Crete<\/a><\/p>\n<\/div>\n\n\n<div class=\"wp-block-image\"><figure class=\"alignleft is-resized\"><img loading=\"lazy\" decoding=\"async\" src=\"https:\/\/tilt-up.org\/tilt-uptoday\/wp-content\/uploads\/2021\/12\/covid-r.jpg\" alt=\"This image has an empty alt attribute; its file name is covid-r.jpg\" width=\"421\" height=\"421\"\/><\/figure><\/div>\n\n\n\n<p>Quiz\u00e1 haya escuchado sobre la norma de emergencia temporal (ETS) desarrollada por la Asociaci\u00f3n de Salud y Seguridad Ocupacional (OSHA) que entr\u00f3 en vigor el 5 de noviembre de 2021. Mucho se ha hablado sobre esto en diferentes entornos y fuentes de informaci\u00f3n. De principal importancia para cada compa\u00f1\u00eda representada por los posibles lectores de esta revista es que el viernes 12 de noviembre, la Corte de Apelaciones de EE.UU. del Quinto Circuito emiti\u00f3 una orden para suspender la implementaci\u00f3n y ejecuci\u00f3n de la suspensi\u00f3n.<\/p>\n\n\n\n<p>El licenciado David Whitlock Esq. explica que, dado el lenguaje de la orden de suspensi\u00f3n del Quinto Circuito, la ETS presenta problemas constitucionales significativos. Es poco probable que OSHA pueda resolver los problemas lo suficiente para reanudar la implementaci\u00f3n. OSHA puso a disposici\u00f3n una hoja de datos que puede descargarse en https:\/\/www.osha.gov\/sites\/default\/files\/publications\/OSHA4161.pdf.<\/p>\n\n\n\n<p>Qu\u00e9 debe saber: Muchos contratistas de la industria de concreto prefabricado (tilt-up) probablemente no se ver\u00e1n afectados por la ETS original. Las compa\u00f1\u00edas con menos de 100 empleados en su estructura corporativa, cuyos empleados realizan su trabajo exclusivamente al aire libre y no se incluyen en ese conteo, constituyen la mayor\u00eda de esta industria. Sin embargo, a los contratistas federales y a los contratistas m\u00e9dicos se les pedir\u00e1 que cumplan con la ETS.<\/p>","protected":false},"excerpt":{"rendered":"<div class=\"mh-excerpt\">English | Translation Sponsored by Nox-Crete Products Group Quiz\u00e1 haya escuchado sobre la norma de emergencia temporal (ETS) desarrollada por la Asociaci\u00f3n de Salud y Seguridad Ocupacional (OSHA) que entr\u00f3 en vigor el 5 de <a class=\"mh-excerpt-more\" href=\"https:\/\/tilt-up.org\/tilt-uptoday\/es\/2021\/12\/20\/suspension-de-la-norma-de-emergencia-temporal-ets-de-osha-para-las-vacunaciones-contra-covid-19\/\" title=\"SUSPENSI\u00d3N DE LA NORMA DE EMERGENCIA TEMPORAL (ETS) DE OSHA SOBRE VACUNACI\u00d3N CONTRA COVID-19\"> Leer m\u00e1s\u2026<\/a><\/div>","protected":false},"author":6,"featured_media":16146,"comment_status":"open","ping_status":"open","sticky":false,"template":"","format":"standard","meta":{"footnotes":""},"categories":[267],"tags":[],"class_list":{"0":"post-15914","1":"post","2":"type-post","3":"status-publish","4":"format-standard","5":"has-post-thumbnail","7":"category-en-espanol"},"_links":{"self":[{"href":"https:\/\/tilt-up.org\/tilt-uptoday\/es\/wp-json\/wp\/v2\/posts\/15914","targetHints":{"allow":["GET"]}}],"collection":[{"href":"https:\/\/tilt-up.org\/tilt-uptoday\/es\/wp-json\/wp\/v2\/posts"}],"about":[{"href":"https:\/\/tilt-up.org\/tilt-uptoday\/es\/wp-json\/wp\/v2\/types\/post"}],"author":[{"embeddable":true,"href":"https:\/\/tilt-up.org\/tilt-uptoday\/es\/wp-json\/wp\/v2\/users\/6"}],"replies":[{"embeddable":true,"href":"https:\/\/tilt-up.org\/tilt-uptoday\/es\/wp-json\/wp\/v2\/comments?post=15914"}],"version-history":[{"count":3,"href":"https:\/\/tilt-up.org\/tilt-uptoday\/es\/wp-json\/wp\/v2\/posts\/15914\/revisions"}],"predecessor-version":[{"id":16149,"href":"https:\/\/tilt-up.org\/tilt-uptoday\/es\/wp-json\/wp\/v2\/posts\/15914\/revisions\/16149"}],"wp:featuredmedia":[{"embeddable":true,"href":"https:\/\/tilt-up.org\/tilt-uptoday\/es\/wp-json\/wp\/v2\/media\/16146"}],"wp:attachment":[{"href":"https:\/\/tilt-up.org\/tilt-uptoday\/es\/wp-json\/wp\/v2\/media?parent=15914"}],"wp:term":[{"taxonomy":"category","embeddable":true,"href":"https:\/\/tilt-up.org\/tilt-uptoday\/es\/wp-json\/wp\/v2\/categories?post=15914"},{"taxonomy":"post_tag","embeddable":true,"href":"https:\/\/tilt-up.org\/tilt-uptoday\/es\/wp-json\/wp\/v2\/tags?post=15914"}],"curies":[{"name":"la hora de","href":"https:\/\/api.w.org\/{rel}","templated":true}]}}