{"id":15539,"date":"2021-05-26T10:22:11","date_gmt":"2021-05-26T15:22:11","guid":{"rendered":"http:\/\/72.167.124.155\/tilt-uptoday\/?p=15539"},"modified":"2025-06-17T10:11:17","modified_gmt":"2025-06-17T15:11:17","slug":"clayco-lider-en-diseno-construccion-de-inmuebles-comerciales-establece-oficina-en-la-costa-oeste-expande-su-equipo","status":"publish","type":"post","link":"https:\/\/tilt-up.org\/tilt-uptoday\/es\/2021\/05\/26\/clayco-lider-en-diseno-construccion-de-inmuebles-comerciales-establece-oficina-en-la-costa-oeste-expande-su-equipo\/","title":{"rendered":"CLAYCO, L\u00cdDER EN DISE\u00d1O\/CONSTRUCCI\u00d3N DE REAL ESTATE COMERCIAL, ESTABLECE OFICINA EN LA COSTA OESTE; EXPANDIR\u00c1 SU EQUIPO"},"content":{"rendered":"<div style=\"border: 1px solid #dddddd; padding: 0.5em; background-color: #f5f5f5; width: 666px;\">\n<p style=\"text-align: center; color: #808285;\"><a href=\"http:\/\/tilt-up.org\/tilt-uptoday\/es\/2021\/05\/26\/commercial-real-estate-design-building-leader-clayco-establishes-west-coast-office-expands-team\/\"><strong>Ingl\u00e9s<\/strong><\/a> | Traducci\u00f3n patrocinada por <a href=\"http:\/\/www.nox-crete.com\" target=\"_blank\" rel=\"noopener noreferrer\">Grupo de productos Nox-Crete<\/a><\/p>\n<\/div>\n\n\n<p><strong>Los veteranos de la industria Rob Jernigan y Emery Molnar se unen a Clayco en la expansi\u00f3n de Los \u00c1ngeles&nbsp;<\/strong><\/p>\n\n\n\n<p>Clayco, una firma de servicios completos de bienes ra\u00edces, arquitectura, ingenier\u00eda, dise\u00f1o y construcci\u00f3n con sede en Chicago, anunci\u00f3 hoy que la firma est\u00e1 expandiendo sus operaciones y estableciendo una oficina regional en la Costa Oeste en Los \u00c1ngeles. Como parte de esta expansi\u00f3n, la firma ha contratado a los estimados veteranos de la industria Rob Jernigan y Emery Molnar, quienes se unir\u00e1n a Clayco como vicepresidentes ejecutivos.<\/p>\n\n\n\n<div class=\"wp-block-image\"><figure class=\"alignleft size-large is-resized\"><img loading=\"lazy\" decoding=\"async\" src=\"http:\/\/tilt-up.org\/tilt-uptoday\/wp-content\/uploads\/2021\/05\/Project-Arcilla2-San-Diego-1024x683.jpg\" alt=\"\" class=\"wp-image-15534\" width=\"680\" height=\"453\" srcset=\"https:\/\/tilt-up.org\/tilt-uptoday\/wp-content\/uploads\/2021\/05\/Project-Arcilla2-San-Diego-1024x683.jpg 1024w, https:\/\/tilt-up.org\/tilt-uptoday\/wp-content\/uploads\/2021\/05\/Project-Arcilla2-San-Diego-300x200.jpg 300w, https:\/\/tilt-up.org\/tilt-uptoday\/wp-content\/uploads\/2021\/05\/Project-Arcilla2-San-Diego-768x512.jpg 768w, https:\/\/tilt-up.org\/tilt-uptoday\/wp-content\/uploads\/2021\/05\/Project-Arcilla2-San-Diego.jpg 1200w\" sizes=\"auto, (max-width: 680px) 100vw, 680px\" \/><\/figure><\/div>\n\n\n\n<p>Con ganancias que se esperan que excedan los $4.5 mil millones en 2021, Clayco se especializa en el \u201carte y ciencia de la construcci\u00f3n\u201d, brindando soluciones eficientes y de primera l\u00ednea para proyectos industriales, comerciales, institucionales y residenciales. Clayco ha completado varios miles de millones de d\u00f3lares en proyectos a lo largo de la Costa Oeste, y a\u00fan tiene trabajos pendientes en exceso de $ 2 mil millones en Washington, Oregon, California, Nevada y Arizona.<\/p>\n\n\n\n<p>\u201cHemos tenido un crecimiento explosivo en todas nuestras l\u00edneas comerciales en la Costa Oeste y ha llegado el momento de crecer\u201d, dijo el Director Ejecutivo\/Fundador Bob Clark en la inauguraci\u00f3n de la oficina de Los \u00c1ngeles.<\/p>\n\n\n\n<p>\u201cClayco siempre ha sabido aprovechar las oportunidades que surgen de los retrasos y recesiones de la industria; y ante la inestabilidad de varios mercados y la incertidumbre causada por la pandemia, las acciones y el liderazgo acordaron que esta inversi\u00f3n es para el beneficio de nuestros clientes y de la compa\u00f1\u00eda. Rob Jernigan y Emery Molnar son incorporaciones cr\u00edticas para nuestro equipo.<\/p>\n\n\n\n<p>Como arquitecto consumado, l\u00edder pr\u00e1ctico y mentor en la comunidad con m\u00e1s de 30 a\u00f1os de experiencia, gran parte del trabajo de Jernigan se puede observar en un Los \u00c1ngeles revitalizado. Como director gerente en su anterior firma de arquitectura, Gensler, los proyectos premiados de Jernigan incluyen el Departamento de Salud Mental del Condado de Los \u00c1ngeles, el Distrito Escolar Unificado de Wiseburn y las escuelas Da Vinci, las Residencias The Ritz-Carlton y el JW Marriott en L.A. Live, Metropolis, The Broad, C3 en Culver City, adem\u00e1s de los estudios ICON Sunset Bronson en Hollywood. En Clayco, se desempe\u00f1ar\u00e1 como vicepresidente ejecutivo de servicios integrados y ser\u00e1 responsable de acelerar el crecimiento en la Costa Oeste.<\/p>\n\n\n\n<p>Molnar aporta una amplia experiencia en liderazgo a la expansi\u00f3n de Clayco en la Costa Oeste, habiendo ocupado previamente puestos ejecutivos en Gilbane Building Co. y Swinerton Builders en las \u00e1reas de preconstrucci\u00f3n, operaciones de construcci\u00f3n y desarrollo comercial. Molnar ha ayudado con \u00e9xito a clientes a hacer realidad sus visiones en diversas industrias, incluyendo educaci\u00f3n, atenci\u00f3n m\u00e9dica, hospitalidad, comercial y tiendas minoristas. Como vicepresidente ejecutivo para la Regi\u00f3n del Pac\u00edfico de Clayco, Molnar continuar\u00e1 como director de la Junta Directiva de ACE Los Angeles y como miembro de la junta de Women in Construction Operations (WiOPS).<\/p>\n\n\n\n<p>Jernigan, despu\u00e9s de m\u00e1s de tres d\u00e9cadas trabajando para las mejores firmas de arquitectura, dijo \u201cEmery Molnar, quien proviene del lado de la construcci\u00f3n, y yo hemos buscado siempre los mejores resultados para nuestros clientes. Creemos que podemos hacer un mejor trabajo al comprometernos con poner el dise\u00f1o y la construcci\u00f3n juntos en la manera en que Clayco ha tenido tanto \u00e9xito durante los a\u00f1os\u201d.&nbsp;<\/p>\n\n\n\n<p>Molnar agreg\u00f3: \u201cRob y yo estamos incre\u00edblemente entusiasmados de ser parte del crecimiento de Clayco en la Regi\u00f3n del Pac\u00edfico. Por mucho tiempo he admirado el dominio absoluto de Clayco en la industria de dise\u00f1o-construcci\u00f3n, y espero poder ayudar al crecimiento de la compa\u00f1\u00eda en estos nuevos mercados objetivo y, tambi\u00e9n, en los negocios verticales emergentes de dise\u00f1o-construcci\u00f3n como la educaci\u00f3n superior\u201d.<\/p>\n\n\n\n<p>Para ayudar a dirigir la expansi\u00f3n de la Costa Oeste de Clayco est\u00e1 el vicepresidente ejecutivo y accionista Ryan McGuire. McGuire pas\u00f3 m\u00e1s de una d\u00e9cada de su carrera en el sur de California con McCarthy Building Companies antes de unirse a Clayco en 2014. \u00c9l regresa a la Costa Oeste despu\u00e9s de dirigir exitosamente las unidades comerciales de la Corporativa y Misiones Cr\u00edticas para Clayco. Roberto Valdes, vicepresidente de la Regi\u00f3n del Pac\u00edfico Industrial, tambi\u00e9n ayudar\u00e1 a iniciar el esfuerzo, junto con los ejecutivos de Lamar Johnson Collaborative, el brazo de dise\u00f1o de Clayco.<\/p>\n\n\n\n<p>McGuire dijo: \u201cLos \u00c1ngeles tiene una de las concentraciones m\u00e1s altas de capital intelectual y financiero del mundo, y vemos esta \u00e1rea como el lugar perfecto para la plataforma de Clayco, que atraer\u00e1 a talentos maravillosos que ayudar\u00e1n a avanzar los intereses de nuestros clientes de la Costa Oeste. Nuestra propuesta de valor es \u00fanica para quienes buscan unirse a nosotros, ya que contamos con una plataforma integrada que abarca el desarrollo inmobiliario, el dise\u00f1o y la construcci\u00f3n, y existen m\u00faltiples formas de tener \u00e9xito y crecer en nuestra organizaci\u00f3n\u201d.<\/p>\n\n\n\n<p>La oficina regional de la Costa Oeste hospedar\u00e1 a un grupo de l\u00edderes de todas las unidades de negocio y subsidiarias de Clayco. Su sede central, ubicada en Los \u00c1ngeles, estar\u00e1 en Culver City, California. Clayco y su entidad de servicios integrales para el desarrollo inmobiliario, CRG, tambi\u00e9n tienen una oficina en Newport Beach, California.<\/p>","protected":false},"excerpt":{"rendered":"<div class=\"mh-excerpt\">English | Traducci\u00f3n patrocinada por Nox-Crete Products Group Los veteranos de la industria Rob Jernigan y Emery Molnar se unen a Clayco en la expansi\u00f3n de Los \u00c1ngeles Clayco, una firma de servicios integrales de <a class=\"mh-excerpt-more\" href=\"https:\/\/tilt-up.org\/tilt-uptoday\/es\/2021\/05\/26\/clayco-lider-en-diseno-construccion-de-inmuebles-comerciales-establece-oficina-en-la-costa-oeste-expande-su-equipo\/\" title=\"CLAYCO, L\u00cdDER EN DISE\u00d1O\/CONSTRUCCI\u00d3N DE REAL ESTATE COMERCIAL, ESTABLECE OFICINA EN LA COSTA OESTE; EXPANDIR\u00c1 SU EQUIPO\"> Leer m\u00e1s\u2026<\/a><\/div>","protected":false},"author":6,"featured_media":15534,"comment_status":"open","ping_status":"open","sticky":false,"template":"","format":"standard","meta":{"footnotes":""},"categories":[267],"tags":[],"class_list":{"0":"post-15539","1":"post","2":"type-post","3":"status-publish","4":"format-standard","5":"has-post-thumbnail","7":"category-en-espanol"},"_links":{"self":[{"href":"https:\/\/tilt-up.org\/tilt-uptoday\/es\/wp-json\/wp\/v2\/posts\/15539","targetHints":{"allow":["GET"]}}],"collection":[{"href":"https:\/\/tilt-up.org\/tilt-uptoday\/es\/wp-json\/wp\/v2\/posts"}],"about":[{"href":"https:\/\/tilt-up.org\/tilt-uptoday\/es\/wp-json\/wp\/v2\/types\/post"}],"author":[{"embeddable":true,"href":"https:\/\/tilt-up.org\/tilt-uptoday\/es\/wp-json\/wp\/v2\/users\/6"}],"replies":[{"embeddable":true,"href":"https:\/\/tilt-up.org\/tilt-uptoday\/es\/wp-json\/wp\/v2\/comments?post=15539"}],"version-history":[{"count":4,"href":"https:\/\/tilt-up.org\/tilt-uptoday\/es\/wp-json\/wp\/v2\/posts\/15539\/revisions"}],"predecessor-version":[{"id":15543,"href":"https:\/\/tilt-up.org\/tilt-uptoday\/es\/wp-json\/wp\/v2\/posts\/15539\/revisions\/15543"}],"wp:featuredmedia":[{"embeddable":true,"href":"https:\/\/tilt-up.org\/tilt-uptoday\/es\/wp-json\/wp\/v2\/media\/15534"}],"wp:attachment":[{"href":"https:\/\/tilt-up.org\/tilt-uptoday\/es\/wp-json\/wp\/v2\/media?parent=15539"}],"wp:term":[{"taxonomy":"category","embeddable":true,"href":"https:\/\/tilt-up.org\/tilt-uptoday\/es\/wp-json\/wp\/v2\/categories?post=15539"},{"taxonomy":"post_tag","embeddable":true,"href":"https:\/\/tilt-up.org\/tilt-uptoday\/es\/wp-json\/wp\/v2\/tags?post=15539"}],"curies":[{"name":"la hora de","href":"https:\/\/api.w.org\/{rel}","templated":true}]}}