{"id":15408,"date":"2021-03-09T09:41:00","date_gmt":"2021-03-09T14:41:00","guid":{"rendered":"http:\/\/72.167.124.155\/tilt-uptoday\/?p=15408"},"modified":"2025-10-28T11:33:34","modified_gmt":"2025-10-28T16:33:34","slug":"dan-durant-named-vp-of-sales-eastern-north-america-as-max-usa-corp-continues-to-expand","status":"publish","type":"post","link":"https:\/\/tilt-up.org\/tilt-uptoday\/es\/2021\/03\/09\/dan-durant-named-vp-of-sales-eastern-north-america-as-max-usa-corp-continues-to-expand\/","title":{"rendered":"Dan Durant Nombrado Vicepresidente de Ventas para Am\u00e9rica del Norte Oriental mientras MAX USA Corp Contin\u00faa Expandiendo"},"content":{"rendered":"<div class=\"wp-block-image\">\n<figure class=\"alignleft size-large is-resized\"><img loading=\"lazy\" decoding=\"async\" width=\"114\" height=\"144\" src=\"http:\/\/tilt-up.org\/tilt-uptoday\/wp-content\/uploads\/2021\/03\/Dan-Durant.jpg\" alt=\"\" class=\"wp-image-15406\" style=\"width:188px;height:auto\"\/><\/figure>\n<\/div>\n\n\n<p>Durante los \u00faltimos cinco a\u00f1os y medio, Dan Durant ha trabajado diligentemente para expandir sus habilidades y conocimientos sobre c\u00f3mo MAX USA Corp. puede superar y satisfacer las necesidades de los mercados de la construcci\u00f3n con su creciente l\u00ednea de herramientas industriales y soluciones innovadoras. Originalmente se uni\u00f3 a la empresa como Gerente Regional de Ventas en 2015, Dan ha continuado trabajando y alentando a cada uno de los miembros de su equipo para ayudar a materializar ideas y metas en oportunidades nuevas y expansivas.<\/p>\n\n\n\n<p>Desde trabajar con contratistas de acero de refuerzo para planificar estrategias de construcci\u00f3n seguras y rentables integrando tecnolog\u00eda de amarre de varillas, hasta demostrar herramientas PowerLite de alta presi\u00f3n en obras para superar las restricciones de PAT y GAS, Dan ha puesto las necesidades de sus clientes en primer lugar. Su habilidad para asegurar y garantizar que tengan las herramientas necesarias para ofrecer una soluci\u00f3n confiable, sin importar los medios, es lo que lo llev\u00f3 a este nuevo emprendimiento a trav\u00e9s de MAX USA Corp.<\/p>\n\n\n\n<p>\u201cEl historial continuo de Dan de hacer crecer exitosamente las ventas en MAX, junto con su habilidad para nutrir y liderar a sus compa\u00f1eros de trabajo, lo convierten en la opci\u00f3n natural para el puesto de Vicepresidente de Ventas para Am\u00e9rica del Norte Oriental. Le agradecemos a \u00e9l y a su familia por las contribuciones que ha hecho y que contin\u00faa haciendo a diario.\u201d&nbsp;&nbsp;<br>\u2013 John Dominice, Vicepresidente Senior de Ventas, MAX USA Corp.<\/p>","protected":false},"excerpt":{"rendered":"<div class=\"mh-excerpt\">Durante los \u00faltimos cinco a\u00f1os y medio, Dan Durant ha trabajado con ah\u00ednco para ampliar sus habilidades y conocimientos sobre c\u00f3mo MAX USA Corp. puede superar y satisfacer las necesidades del sector de la construcci\u00f3n gracias a su creciente <a class=\"mh-excerpt-more\" href=\"https:\/\/tilt-up.org\/tilt-uptoday\/es\/2021\/03\/09\/dan-durant-named-vp-of-sales-eastern-north-america-as-max-usa-corp-continues-to-expand\/\" title=\"Dan Durant Nombrado Vicepresidente de Ventas para Am\u00e9rica del Norte Oriental mientras MAX USA Corp Contin\u00faa Expandiendo\"> Leer m\u00e1s\u2026<\/a><\/div>","protected":false},"author":6,"featured_media":15406,"comment_status":"open","ping_status":"open","sticky":false,"template":"","format":"standard","meta":{"footnotes":""},"categories":[14],"tags":[],"class_list":{"0":"post-15408","1":"post","2":"type-post","3":"status-publish","4":"format-standard","5":"has-post-thumbnail","7":"category-member_news"},"_links":{"self":[{"href":"https:\/\/tilt-up.org\/tilt-uptoday\/es\/wp-json\/wp\/v2\/posts\/15408","targetHints":{"allow":["GET"]}}],"collection":[{"href":"https:\/\/tilt-up.org\/tilt-uptoday\/es\/wp-json\/wp\/v2\/posts"}],"about":[{"href":"https:\/\/tilt-up.org\/tilt-uptoday\/es\/wp-json\/wp\/v2\/types\/post"}],"author":[{"embeddable":true,"href":"https:\/\/tilt-up.org\/tilt-uptoday\/es\/wp-json\/wp\/v2\/users\/6"}],"replies":[{"embeddable":true,"href":"https:\/\/tilt-up.org\/tilt-uptoday\/es\/wp-json\/wp\/v2\/comments?post=15408"}],"version-history":[{"count":2,"href":"https:\/\/tilt-up.org\/tilt-uptoday\/es\/wp-json\/wp\/v2\/posts\/15408\/revisions"}],"predecessor-version":[{"id":19163,"href":"https:\/\/tilt-up.org\/tilt-uptoday\/es\/wp-json\/wp\/v2\/posts\/15408\/revisions\/19163"}],"wp:featuredmedia":[{"embeddable":true,"href":"https:\/\/tilt-up.org\/tilt-uptoday\/es\/wp-json\/wp\/v2\/media\/15406"}],"wp:attachment":[{"href":"https:\/\/tilt-up.org\/tilt-uptoday\/es\/wp-json\/wp\/v2\/media?parent=15408"}],"wp:term":[{"taxonomy":"category","embeddable":true,"href":"https:\/\/tilt-up.org\/tilt-uptoday\/es\/wp-json\/wp\/v2\/categories?post=15408"},{"taxonomy":"post_tag","embeddable":true,"href":"https:\/\/tilt-up.org\/tilt-uptoday\/es\/wp-json\/wp\/v2\/tags?post=15408"}],"curies":[{"name":"la hora de","href":"https:\/\/api.w.org\/{rel}","templated":true}]}}