{"id":15370,"date":"2021-02-23T15:08:39","date_gmt":"2021-02-23T20:08:39","guid":{"rendered":"http:\/\/72.167.124.155\/tilt-uptoday\/?p=15370"},"modified":"2025-10-28T11:34:40","modified_gmt":"2025-10-28T16:34:40","slug":"rededicating-ourselves-to-the-mission-and-each-other","status":"publish","type":"post","link":"https:\/\/tilt-up.org\/tilt-uptoday\/es\/2021\/02\/23\/rededicating-ourselves-to-the-mission-and-each-other\/","title":{"rendered":"Rededicarnos a la Misi\u00f3n y entre Nosotros"},"content":{"rendered":"<div class=\"wp-block-image\"><figure class=\"alignleft size-large is-resized\"><img loading=\"lazy\" decoding=\"async\" src=\"http:\/\/tilt-up.org\/tilt-uptoday\/wp-content\/uploads\/2019\/11\/IMG_9591-2-r-1-768x1024.jpg\" alt=\"\" class=\"wp-image-14271\" width=\"195\" height=\"260\" srcset=\"https:\/\/tilt-up.org\/tilt-uptoday\/wp-content\/uploads\/2019\/11\/IMG_9591-2-r-1-768x1024.jpg 768w, https:\/\/tilt-up.org\/tilt-uptoday\/wp-content\/uploads\/2019\/11\/IMG_9591-2-r-1-225x300.jpg 225w\" sizes=\"auto, (max-width: 195px) 100vw, 195px\" \/><\/figure><\/div>\n\n\n\n<p>La mayor\u00eda de la gente celebr\u00f3 el fin de 2020 con la expectativa de un pr\u00f3ximo alivio pand\u00e9mico, optimismo por la estabilizaci\u00f3n y recuperaci\u00f3n econ\u00f3mica, y vislumbrando una luz al final de un largo t\u00fanel oscuro. No creo que nadie anticipara las tres semanas hist\u00f3ricas que inaugurar\u00edan 2021 y la gravedad de la situaci\u00f3n en la que nos encontr\u00e1bamos. Estoy seguro de que reflexionaremos sobre estos eventos durante alg\u00fan tiempo.<\/p>\n\n\n\n<p>Se ha dicho muchas veces que en esta comunidad y en esta organizaci\u00f3n, lo que nos hace diferentes nos hace m\u00e1s fuertes. Estamos compuestos intencionalmente por profesionales de diversos campos con experiencia distintiva e intereses variados, pero tenemos un objetivo com\u00fan en el avance de esta industria y sus participantes. La forma en que trabajamos juntos y nuestro apoyo mutuo es lo que me enorgullece m\u00e1s de ser parte de la Tilt-Up Concrete Association.<\/p>\n\n\n\n<p>En este nuevo a\u00f1o, celebremos este movimiento para perfeccionar un proceso y material con la capacidad de entregar edificios impactantes y funcionales que sean eficientes, econ\u00f3micos y resistentes. Sigamos colaborando e invirtiendo en actividades que nos unan por un bien com\u00fan. Esforc\u00e9monos por compartir m\u00e1s, apoyar nuevas ideas y reafirmar nuestra dedicaci\u00f3n a la misi\u00f3n. Las oportunidades para mejorar esta tecnolog\u00eda a trav\u00e9s de nuestro trabajo conjunto son abundantes.<\/p>\n\n\n\n<figure class=\"wp-block-image size-large\"><img loading=\"lazy\" decoding=\"async\" width=\"200\" height=\"78\" src=\"http:\/\/tilt-up.org\/tilt-uptoday\/wp-content\/uploads\/2018\/01\/Mitch-Bloomquist-Signature-SML-R.jpg\" alt=\"\" class=\"wp-image-8940\"\/><\/figure>\n\n\n\n<p>Mitch Bloomquist<\/p>","protected":false},"excerpt":{"rendered":"<div class=\"mh-excerpt\">La mayor\u00eda de la gente celebr\u00f3 el fin de 2020 con la expectativa de un alivio inminente de la pandemia, optimismo por la estabilizaci\u00f3n y recuperaci\u00f3n econ\u00f3mica, y vislumbrando un rayo de luz al final de un largo t\u00fanel oscuro. Yo no <a class=\"mh-excerpt-more\" href=\"https:\/\/tilt-up.org\/tilt-uptoday\/es\/2021\/02\/23\/rededicating-ourselves-to-the-mission-and-each-other\/\" title=\"Rededicarnos a la Misi\u00f3n y entre Nosotros\"> Leer m\u00e1s\u2026<\/a><\/div>","protected":false},"author":6,"featured_media":14271,"comment_status":"open","ping_status":"open","sticky":false,"template":"","format":"standard","meta":{"footnotes":""},"categories":[1],"tags":[],"class_list":{"0":"post-15370","1":"post","2":"type-post","3":"status-publish","4":"format-standard","5":"has-post-thumbnail","7":"category-uncategorized"},"_links":{"self":[{"href":"https:\/\/tilt-up.org\/tilt-uptoday\/es\/wp-json\/wp\/v2\/posts\/15370","targetHints":{"allow":["GET"]}}],"collection":[{"href":"https:\/\/tilt-up.org\/tilt-uptoday\/es\/wp-json\/wp\/v2\/posts"}],"about":[{"href":"https:\/\/tilt-up.org\/tilt-uptoday\/es\/wp-json\/wp\/v2\/types\/post"}],"author":[{"embeddable":true,"href":"https:\/\/tilt-up.org\/tilt-uptoday\/es\/wp-json\/wp\/v2\/users\/6"}],"replies":[{"embeddable":true,"href":"https:\/\/tilt-up.org\/tilt-uptoday\/es\/wp-json\/wp\/v2\/comments?post=15370"}],"version-history":[{"count":8,"href":"https:\/\/tilt-up.org\/tilt-uptoday\/es\/wp-json\/wp\/v2\/posts\/15370\/revisions"}],"predecessor-version":[{"id":19166,"href":"https:\/\/tilt-up.org\/tilt-uptoday\/es\/wp-json\/wp\/v2\/posts\/15370\/revisions\/19166"}],"wp:featuredmedia":[{"embeddable":true,"href":"https:\/\/tilt-up.org\/tilt-uptoday\/es\/wp-json\/wp\/v2\/media\/14271"}],"wp:attachment":[{"href":"https:\/\/tilt-up.org\/tilt-uptoday\/es\/wp-json\/wp\/v2\/media?parent=15370"}],"wp:term":[{"taxonomy":"category","embeddable":true,"href":"https:\/\/tilt-up.org\/tilt-uptoday\/es\/wp-json\/wp\/v2\/categories?post=15370"},{"taxonomy":"post_tag","embeddable":true,"href":"https:\/\/tilt-up.org\/tilt-uptoday\/es\/wp-json\/wp\/v2\/tags?post=15370"}],"curies":[{"name":"la hora de","href":"https:\/\/api.w.org\/{rel}","templated":true}]}}