{"id":15334,"date":"2021-02-23T14:52:29","date_gmt":"2021-02-23T19:52:29","guid":{"rendered":"http:\/\/72.167.124.155\/tilt-uptoday\/?p=15334"},"modified":"2025-06-12T14:42:34","modified_gmt":"2025-06-12T19:42:34","slug":"powers-brown-architecture-promueve-a-presidente-a-bruce-j-walck-directora-lauren-amber-prestenbach-regresa-a-houston","status":"publish","type":"post","link":"https:\/\/tilt-up.org\/tilt-uptoday\/es\/2021\/02\/23\/powers-brown-architecture-promueve-a-presidente-a-bruce-j-walck-directora-lauren-amber-prestenbach-regresa-a-houston\/","title":{"rendered":"POWERS BROWN ARCHITECTURE NOMBRA PRESIDENTE A BRUCE J. WALCK; LA DIRECTORA LAUREN AMBER PRESTENBACH REGRESA A HOUSTON"},"content":{"rendered":"<div style=\"border: 1px solid #dddddd; padding: 0.5em; background-color: #f5f5f5; width: 666px;\">\n<p style=\"text-align: center; color: #808285;\"><a href=\"http:\/\/tilt-up.org\/tilt-uptoday\/es\/2021\/02\/23\/powers-brown-architecture-promotes-bruce-j-walck-to-president-principal-lauren-amber-prestenbach-returns-to-houston\/\"><strong>Ingl\u00e9s<\/strong><\/a> | Traducci\u00f3n patrocinada por <a href=\"http:\/\/www.nox-crete.com\" target=\"_blank\" rel=\"noopener noreferrer\">Grupo de productos Nox-Crete<\/a><\/p>\n<\/div>\n\n\n<div class=\"wp-block-image\"><figure class=\"alignleft size-large is-resized\"><img loading=\"lazy\" decoding=\"async\" src=\"http:\/\/tilt-up.org\/tilt-uptoday\/wp-content\/uploads\/2021\/02\/Bruce-J.-Walck-AIA-MRAIC-r.jpg\" alt=\"\" class=\"wp-image-15330\" width=\"276\" height=\"318\" srcset=\"https:\/\/tilt-up.org\/tilt-uptoday\/wp-content\/uploads\/2021\/02\/Bruce-J.-Walck-AIA-MRAIC-r.jpg 680w, https:\/\/tilt-up.org\/tilt-uptoday\/wp-content\/uploads\/2021\/02\/Bruce-J.-Walck-AIA-MRAIC-r-261x300.jpg 261w\" sizes=\"auto, (max-width: 276px) 100vw, 276px\" \/><figcaption>Bruce J. Walck<\/figcaption><\/figure><\/div>\n\n\n\n<p>Bruce J. Walck, AIA, MRAIC, ha sido promovido a presidente de Powers Brown Architecture, una firma internacional de servicios profesionales que practica arquitectura, dise\u00f1o interior, programaci\u00f3n y dise\u00f1o urbano. Walck, quien es director de la firma desde 2008, ha trabajado en la oficina central de la firma en Houston, adem\u00e1s de establecer oficinas en St. John\u2019s, Newfoundland en 2015 y Toronto en 2017.&nbsp;<\/p>\n\n\n\n<p>Jeffrey Brown, FAIA, fundador principal y CEO de Powers Brown Architecture, hizo el anuncio, junto con el de la reubicaci\u00f3n de la directora Lauren Amber Prestenbach, RID, LEED AP ID+C, EDAC, IIDA, de Denver a Houston. Es una profesional de dise\u00f1o de interiores comercial certificada en LEED y con Acreditaci\u00f3n y Certificaci\u00f3n de Dise\u00f1o Basado en Evidencia (EDAC, por sus siglas en ingl\u00e9s).<\/p>\n\n\n\n<p>Como presidente, Walck ser\u00e1 responsable de las operaciones y eficiencias generales de la firma, adem\u00e1s del desarrollo de iniciativas estrat\u00e9gicas para expandir su portafolio multifamiliar y hacer crecer el trabajo en proyectos de manufactura, m\u00e9dicos e industriales en mercados nuevos y existentes en Norteam\u00e9rica. \u00c9l continuar\u00e1 trabajando de cerca con clientes, desde la programaci\u00f3n hasta la administraci\u00f3n de la construcci\u00f3n, en dise\u00f1os de oficinas corporativas, tiendas, de uso mixto, multifamiliares, gubernamentales e industriales.<\/p>\n\n\n\n<p>\u201cBruce es un arquitecto \u00fanico que realmente es un colaborador\u201d, dijo Brown. \u201cMuchos de sus clientes lo consideran no solo un colega sino tambi\u00e9n un amigo y no es poco com\u00fan para ellos recomendarlo a su competencia. Internamente, \u00e9l se ha convertido en el pastor de nuestro equipo de liderazgo, gui\u00e1ndonos a todos a encontrar soluciones innovadoras y l\u00f3gicas para desaf\u00edos diarios y de largo plazo\u201d.<\/p>\n\n\n\n<p>Walck se uni\u00f3 a Powers Brown en 2003 como gerente de proyecto y para 2008 los socios fundadores lo nombraron el primer director nuevo de la firma. Los puntos destacados de su carrera incluyen dirigir el proyecto de equipo para la instalaci\u00f3n Daikin de 4.1 millones de pies cuadrados cerca de Waller, TX, la Terminal de Tr\u00e1nsito del Centro de Galveston, The Plaza en Enclave, el edificio de oficinas corporativas de Kelsey-Seybold y los apartamentos Churchill Square. Graduado de la Universidad Drexel en Filadelfia con un t\u00edtulo en Arquitectura y una especializaci\u00f3n en Administraci\u00f3n de Obras, \u00e9l es miembro del Instituto Americano de Arquitectos (AIA), miembro del Instituto Real de Arquitectura de Canad\u00e1 (MRAIC) y NCARB.<\/p>\n\n\n\n<div class=\"wp-block-image\"><figure class=\"alignleft size-large is-resized\"><img loading=\"lazy\" decoding=\"async\" src=\"http:\/\/tilt-up.org\/tilt-uptoday\/wp-content\/uploads\/2021\/02\/Lauren-Amber-r.jpg\" alt=\"\" class=\"wp-image-15332\" width=\"275\" height=\"347\" srcset=\"https:\/\/tilt-up.org\/tilt-uptoday\/wp-content\/uploads\/2021\/02\/Lauren-Amber-r.jpg 539w, https:\/\/tilt-up.org\/tilt-uptoday\/wp-content\/uploads\/2021\/02\/Lauren-Amber-r-238x300.jpg 238w\" sizes=\"auto, (max-width: 275px) 100vw, 275px\" \/><figcaption>Amber Prestenbach<\/figcaption><\/figure><\/div>\n\n\n\n<p>De Prestenbach, Brown dijo: \u201cEl talento de dise\u00f1o inigualable y la experiencia en proyectos que Lauren Amber aport\u00f3 a nuestra oficina de Houston son revolucionarios para nosotros. No solo ella crea espacios corporativos innovadores, sino que tambi\u00e9n posee la experiencia t\u00e9cnica para abordar complejidades relacionadas con el dise\u00f1o de atenci\u00f3n m\u00e9dica. Sus talentos encajan excepcionalmente bien con los clientes del mercado de Houston, donde las corporaciones y la industria de la salud impulsan la econom\u00eda\u201d.&nbsp;<\/p>\n\n\n\n<p>Con nuevos proyectos en Houston en las arenas de interiores, atenci\u00f3n m\u00e9dica y corporativas, ella dise\u00f1\u00f3 recientemente espacios para Clearview Dermatology, Digicomm International Inc., Summit Utilities y Travelers Insurance. La revista Engineering News Record nombr\u00f3 a Prestenbach homenajeada \u201c20 bajo 40\u201d en 2021 por su trabajo de promoci\u00f3n para ayudar a aprobar la legislaci\u00f3n que permita el reconocimiento y la certificaci\u00f3n legal de los profesionales de dise\u00f1o de interiores, as\u00ed como para asegurar sus calificaciones y educaci\u00f3n en dise\u00f1o.&nbsp;<\/p>\n\n\n\n<p>Graduada del Instituto de Arte de Houston, Prestenbach est\u00e1 afiliada a CoreNet, NAIOP, el Consejo Nacional para la Certificaci\u00f3n de Dise\u00f1o de Interiores (NCIDQ) y la Asociaci\u00f3n Internacional de Dise\u00f1o de Interiores (IIDA).<\/p>","protected":false},"excerpt":{"rendered":"<div class=\"mh-excerpt\">English | Translation Sponsored by Nox-Crete Products Group Bruce J. Walck, AIA, MRAIC, ha sido ascendido a presidente de Powers Brown Architecture, una firma internacional de servicios profesionales que practica arquitectura, dise\u00f1o interior, programaci\u00f3n y <a class=\"mh-excerpt-more\" href=\"https:\/\/tilt-up.org\/tilt-uptoday\/es\/2021\/02\/23\/powers-brown-architecture-promueve-a-presidente-a-bruce-j-walck-directora-lauren-amber-prestenbach-regresa-a-houston\/\" title=\"POWERS BROWN ARCHITECTURE NOMBRA PRESIDENTE A BRUCE J. WALCK; LA DIRECTORA LAUREN AMBER PRESTENBACH REGRESA A HOUSTON\"> Leer m\u00e1s\u2026<\/a><\/div>","protected":false},"author":6,"featured_media":15330,"comment_status":"open","ping_status":"open","sticky":false,"template":"","format":"standard","meta":{"footnotes":""},"categories":[267],"tags":[],"class_list":{"0":"post-15334","1":"post","2":"type-post","3":"status-publish","4":"format-standard","5":"has-post-thumbnail","7":"category-en-espanol"},"_links":{"self":[{"href":"https:\/\/tilt-up.org\/tilt-uptoday\/es\/wp-json\/wp\/v2\/posts\/15334","targetHints":{"allow":["GET"]}}],"collection":[{"href":"https:\/\/tilt-up.org\/tilt-uptoday\/es\/wp-json\/wp\/v2\/posts"}],"about":[{"href":"https:\/\/tilt-up.org\/tilt-uptoday\/es\/wp-json\/wp\/v2\/types\/post"}],"author":[{"embeddable":true,"href":"https:\/\/tilt-up.org\/tilt-uptoday\/es\/wp-json\/wp\/v2\/users\/6"}],"replies":[{"embeddable":true,"href":"https:\/\/tilt-up.org\/tilt-uptoday\/es\/wp-json\/wp\/v2\/comments?post=15334"}],"version-history":[{"count":6,"href":"https:\/\/tilt-up.org\/tilt-uptoday\/es\/wp-json\/wp\/v2\/posts\/15334\/revisions"}],"predecessor-version":[{"id":15393,"href":"https:\/\/tilt-up.org\/tilt-uptoday\/es\/wp-json\/wp\/v2\/posts\/15334\/revisions\/15393"}],"wp:featuredmedia":[{"embeddable":true,"href":"https:\/\/tilt-up.org\/tilt-uptoday\/es\/wp-json\/wp\/v2\/media\/15330"}],"wp:attachment":[{"href":"https:\/\/tilt-up.org\/tilt-uptoday\/es\/wp-json\/wp\/v2\/media?parent=15334"}],"wp:term":[{"taxonomy":"category","embeddable":true,"href":"https:\/\/tilt-up.org\/tilt-uptoday\/es\/wp-json\/wp\/v2\/categories?post=15334"},{"taxonomy":"post_tag","embeddable":true,"href":"https:\/\/tilt-up.org\/tilt-uptoday\/es\/wp-json\/wp\/v2\/tags?post=15334"}],"curies":[{"name":"la hora de","href":"https:\/\/api.w.org\/{rel}","templated":true}]}}