{"id":15326,"date":"2021-02-23T15:02:50","date_gmt":"2021-02-23T20:02:50","guid":{"rendered":"http:\/\/72.167.124.155\/tilt-uptoday\/?p=15326"},"modified":"2025-10-28T11:34:59","modified_gmt":"2025-10-28T16:34:59","slug":"powers-brown-architecture-promotes-bruce-j-walck-to-president-principal-lauren-amber-prestenbach-returns-to-houston","status":"publish","type":"post","link":"https:\/\/tilt-up.org\/tilt-uptoday\/es\/2021\/02\/23\/powers-brown-architecture-promotes-bruce-j-walck-to-president-principal-lauren-amber-prestenbach-returns-to-houston\/","title":{"rendered":"Powers Brown Architecture asciende a Bruce J. Walck a presidente; la socia Lauren Amber Prestenbach regresa a Houston"},"content":{"rendered":"<div class=\"wp-block-image\"><figure class=\"alignleft size-large is-resized\"><img loading=\"lazy\" decoding=\"async\" src=\"http:\/\/tilt-up.org\/tilt-uptoday\/wp-content\/uploads\/2021\/02\/Bruce-J.-Walck-AIA-MRAIC-r.jpg\" alt=\"\" class=\"wp-image-15330\" width=\"286\" height=\"328\" srcset=\"https:\/\/tilt-up.org\/tilt-uptoday\/wp-content\/uploads\/2021\/02\/Bruce-J.-Walck-AIA-MRAIC-r.jpg 680w, https:\/\/tilt-up.org\/tilt-uptoday\/wp-content\/uploads\/2021\/02\/Bruce-J.-Walck-AIA-MRAIC-r-261x300.jpg 261w\" sizes=\"auto, (max-width: 286px) 100vw, 286px\" \/><figcaption>Bruce J. Walck<\/figcaption><\/figure><\/div>\n\n\n\n<p><strong>Bruce J. Walck, AIA, MRAIC<\/strong>, ha sido promovido a presidente de Powers Brown Architecture, una firma internacional de servicios profesionales que practica arquitectura, dise\u00f1o de interiores, programaci\u00f3n y dise\u00f1o urbano. Walck, socio principal de la firma desde 2008, ha trabajado en la sede de Houston de la firma, adem\u00e1s de haber establecido las oficinas de la firma en St. John's, Terranova en 2015 y Toronto en 2017.&nbsp;<\/p>\n\n\n\n<p>Jeffrey Brown, FAIA, Director Fundador y CEO de Powers Brown Architecture, hizo el anuncio, junto con la reubicaci\u00f3n de la Directora Lauren Amber Prestenbach, RID, LEED AP ID+C, EDAC, IIDA, de Denver a Houston. Ella es una profesional del dise\u00f1o de interiores comerciales acreditada por LEED y con Credenciales de Dise\u00f1o Basado en la Evidencia y Certificaci\u00f3n (EDAC).<\/p>\n\n\n\n<p>Como presidente, Walck ser\u00e1 responsable de las operaciones generales y la eficiencia de la firma, adem\u00e1s de desarrollar iniciativas estrat\u00e9gicas para expandir su portafolio multifamiliar y aumentar el trabajo en proyectos manufactureros, m\u00e9dicos e industriales en mercados nuevos y existentes de Am\u00e9rica del Norte. Continuar\u00e1 trabajando de cerca con los clientes desde la programaci\u00f3n hasta la administraci\u00f3n de la construcci\u00f3n en dise\u00f1o de oficinas corporativas, comercios, usos mixtos, multifamiliares, gubernamentales e industriales.<\/p>\n\n\n\n<p>\u201cBruce es ese arquitecto poco com\u00fan que realmente colabora\u201d, dijo Brown. \u201cMuchos de sus clientes lo consideran no solo un colega, sino un amigo, y no es raro que lo recomienden a su competencia. Internamente, se ha convertido en el pastor de nuestro equipo de liderazgo, gui\u00e1ndonos a todos a encontrar soluciones innovadoras y l\u00f3gicas tanto a los desaf\u00edos del d\u00eda a d\u00eda como a los de largo plazo\u201d.\u201d&nbsp;<\/p>\n\n\n\n<p>&nbsp;Walck se uni\u00f3 a Powers Brown en 2003 como gerente de proyecto y para 2008 los socios fundadores lo nombraron el primer nuevo socio de la firma. Los puntos destacados de su carrera incluyen liderar el equipo del proyecto para la instalaci\u00f3n de Daikin de 4.1 millones de pies cuadrados cerca de Waller, TX, la Terminal de Tr\u00e1nsito del Centro de Galveston, The Plaza at Enclave, el Edificio de Oficinas Corporativas de Kelsey-Seybold y los Apartamentos Churchill Square. Graduado de la Universidad Drexel en Filadelfia con una Licenciatura en Arquitectura y una Especializaci\u00f3n en Gesti\u00f3n de la Construcci\u00f3n, es miembro del Instituto Americano de Arquitectos (AIA), Miembro del Instituto Real de Arquitectura de Canad\u00e1 (MRAIC) y NCARB.<\/p>\n\n\n\n<div class=\"wp-block-image\"><figure class=\"alignleft size-large is-resized\"><img loading=\"lazy\" decoding=\"async\" src=\"http:\/\/tilt-up.org\/tilt-uptoday\/wp-content\/uploads\/2021\/02\/Lauren-Amber-r.jpg\" alt=\"\" class=\"wp-image-15332\" width=\"287\" height=\"362\" srcset=\"https:\/\/tilt-up.org\/tilt-uptoday\/wp-content\/uploads\/2021\/02\/Lauren-Amber-r.jpg 539w, https:\/\/tilt-up.org\/tilt-uptoday\/wp-content\/uploads\/2021\/02\/Lauren-Amber-r-238x300.jpg 238w\" sizes=\"auto, (max-width: 287px) 100vw, 287px\" \/><figcaption>Amber Prestenbach<\/figcaption><\/figure><\/div>\n\n\n\n<p>De Prestenbach, Brown dijo: \u201cTener a Lauren Amber aportando su talento de dise\u00f1o y experiencia en proyectos sin igual a nuestra oficina de Houston es un gran avance para nosotros. No solo crea espacios corporativos innovadores, sino que tambi\u00e9n tiene el conocimiento t\u00e9cnico para abordar las complejidades relacionadas con el dise\u00f1o de atenci\u00f3n m\u00e9dica. Sus talentos se adaptan de manera \u00fanica a los clientes del mercado de Houston, donde la oficina corporativa y la atenci\u00f3n m\u00e9dica impulsan la econom\u00eda\u201c.\u201c<\/p>\n\n\n\n<p>Con nuevos proyectos en Houston en las \u00e1reas de atenci\u00f3n m\u00e9dica e interiores corporativos, recientemente dise\u00f1\u00f3 espacios para Clearview Dermatology, Digicomm International Inc., Summit Utilities y Travelers Insurance. La revista Engineering News Record nombr\u00f3 a Prestenbach \u201c20 Under 40\u201d en 2021 por su trabajo de promoci\u00f3n para ayudar a aprobar una legislaci\u00f3n en Colorado para que los profesionales del dise\u00f1o de interiores sean legalmente reconocidos y licenciados, asegurando as\u00ed sus calificaciones y educaci\u00f3n en dise\u00f1o. &nbsp;<\/p>\n\n\n\n<p>Egresado del Art Institute Houston, Prestenbach est\u00e1 afiliado a CoreNet, NAIOP, el National Council for Interior Design Certification (NCIDQ) y la International Interior Design Association (IIDA).<\/p>","protected":false},"excerpt":{"rendered":"<div class=\"mh-excerpt\">Bruce J. Walck, miembro del AIA y del MRAIC, ha sido ascendido a presidente de Powers Brown Architecture, una firma internacional de servicios profesionales dedicada a la arquitectura, el dise\u00f1o de interiores, la programaci\u00f3n y el dise\u00f1o urbano. Walck, socio de la firma desde 2008, <a class=\"mh-excerpt-more\" href=\"https:\/\/tilt-up.org\/tilt-uptoday\/es\/2021\/02\/23\/powers-brown-architecture-promotes-bruce-j-walck-to-president-principal-lauren-amber-prestenbach-returns-to-houston\/\" title=\"Powers Brown Architecture asciende a Bruce J. Walck a presidente; la socia Lauren Amber Prestenbach regresa a Houston\"> Leer m\u00e1s\u2026<\/a><\/div>","protected":false},"author":6,"featured_media":15330,"comment_status":"open","ping_status":"open","sticky":false,"template":"","format":"standard","meta":{"footnotes":""},"categories":[14],"tags":[],"class_list":{"0":"post-15326","1":"post","2":"type-post","3":"status-publish","4":"format-standard","5":"has-post-thumbnail","7":"category-member_news"},"_links":{"self":[{"href":"https:\/\/tilt-up.org\/tilt-uptoday\/es\/wp-json\/wp\/v2\/posts\/15326","targetHints":{"allow":["GET"]}}],"collection":[{"href":"https:\/\/tilt-up.org\/tilt-uptoday\/es\/wp-json\/wp\/v2\/posts"}],"about":[{"href":"https:\/\/tilt-up.org\/tilt-uptoday\/es\/wp-json\/wp\/v2\/types\/post"}],"author":[{"embeddable":true,"href":"https:\/\/tilt-up.org\/tilt-uptoday\/es\/wp-json\/wp\/v2\/users\/6"}],"replies":[{"embeddable":true,"href":"https:\/\/tilt-up.org\/tilt-uptoday\/es\/wp-json\/wp\/v2\/comments?post=15326"}],"version-history":[{"count":6,"href":"https:\/\/tilt-up.org\/tilt-uptoday\/es\/wp-json\/wp\/v2\/posts\/15326\/revisions"}],"predecessor-version":[{"id":19167,"href":"https:\/\/tilt-up.org\/tilt-uptoday\/es\/wp-json\/wp\/v2\/posts\/15326\/revisions\/19167"}],"wp:featuredmedia":[{"embeddable":true,"href":"https:\/\/tilt-up.org\/tilt-uptoday\/es\/wp-json\/wp\/v2\/media\/15330"}],"wp:attachment":[{"href":"https:\/\/tilt-up.org\/tilt-uptoday\/es\/wp-json\/wp\/v2\/media?parent=15326"}],"wp:term":[{"taxonomy":"category","embeddable":true,"href":"https:\/\/tilt-up.org\/tilt-uptoday\/es\/wp-json\/wp\/v2\/categories?post=15326"},{"taxonomy":"post_tag","embeddable":true,"href":"https:\/\/tilt-up.org\/tilt-uptoday\/es\/wp-json\/wp\/v2\/tags?post=15326"}],"curies":[{"name":"la hora de","href":"https:\/\/api.w.org\/{rel}","templated":true}]}}