{"id":15103,"date":"2020-12-23T09:28:11","date_gmt":"2020-12-23T14:28:11","guid":{"rendered":"http:\/\/72.167.124.155\/tilt-uptoday\/?p=15103"},"modified":"2025-06-12T14:27:07","modified_gmt":"2025-06-12T19:27:07","slug":"permanecer-calmados-en-la-tormenta","status":"publish","type":"post","link":"https:\/\/tilt-up.org\/tilt-uptoday\/es\/2020\/12\/23\/permanecer-calmados-en-la-tormenta\/","title":{"rendered":"Mantener la calma en la tormenta"},"content":{"rendered":"<div style=\"border: 1px solid #dddddd; padding: 0.5em; background-color: #f5f5f5; width: 666px;\">\n<p style=\"text-align: center; color: #808285;\"><a href=\"http:\/\/tilt-up.org\/tilt-uptoday\/es\/2020\/12\/23\/remaining-calm-in-the-storm\/\"><strong>Ingl\u00e9s<\/strong><\/a> | Traducci\u00f3n patrocinada por <a href=\"http:\/\/www.nox-crete.com\" target=\"_blank\" rel=\"noopener noreferrer\">Grupo de productos Nox-Crete<\/a><\/p>\n<\/div>\n\n\n<div class=\"wp-block-image\"><figure class=\"alignleft size-large is-resized\"><img loading=\"lazy\" decoding=\"async\" src=\"http:\/\/tilt-up.org\/tilt-uptoday\/wp-content\/uploads\/2020\/04\/Scott-Bunney-SQR-r.jpg\" alt=\"\" class=\"wp-image-14687\" width=\"276\" height=\"275\" srcset=\"https:\/\/tilt-up.org\/tilt-uptoday\/wp-content\/uploads\/2020\/04\/Scott-Bunney-SQR-r.jpg 680w, https:\/\/tilt-up.org\/tilt-uptoday\/wp-content\/uploads\/2020\/04\/Scott-Bunney-SQR-r-290x290.jpg 290w, https:\/\/tilt-up.org\/tilt-uptoday\/wp-content\/uploads\/2020\/04\/Scott-Bunney-SQR-r-300x300.jpg 300w\" sizes=\"auto, (max-width: 276px) 100vw, 276px\" \/><\/figure><\/div>\n\n\n\n<p>Qu\u00e9 a\u00f1o dif\u00edcil sigue siendo este. Primero, la crisis de salud nacional, luego la crisis financiera nacional y despu\u00e9s la intranquilidad pol\u00edtica nacional. Cada uno de estos eventos manejados independientemente son considerados una crisis mayor, pero la combinaci\u00f3n de los tres ha hecho que nuestra naci\u00f3n, nuestras familias, amigos y asociados est\u00e9n en desacuerdo unos con otros. No hemos llegado a la conclusi\u00f3n de ninguna de estas crisis y nuestros futuros est\u00e1n ciertamente en riesgo de lo que esper\u00e1bamos antes de este a\u00f1o. Por supuesto, todos tenemos la esperanza y aspiraci\u00f3n a un ma\u00f1ana mejor, pero llevar\u00e1 mucho trabajo en equipo, enfoque y determinaci\u00f3n como sociedad. Al mirar a mi alrededor, veo lo que ha sido m\u00e1s impactado y qu\u00e9 esfuerzos he realizado, veo que mi familia y mi organizaci\u00f3n laboral fueron afectados m\u00e1s \u00edntimamente.&nbsp;<\/p>\n\n\n\n<p>La comunicaci\u00f3n diaria, la confianza y los intereses en com\u00fan son las cosas que estas dos estructuras pueden tener. Mi familia, mi personal de trabajo y yo, todos tenemos opiniones diferentes sobre los asuntos pol\u00edticos, sociales y de salud actuales que est\u00e1n afectando a nuestra naci\u00f3n. Rara vez, dos personas concuerdan con el punto de vista de la otra en un tema, mucho menos en los tres. No hay soluciones r\u00e1pidas disponibles y cada uno de estos asuntos trae consigo hasta veinte asuntos subyacentes que son igualmente importantes, relevantes y controversiales.<\/p>\n\n\n\n<p>Al tratar con mis compa\u00f1eros de trabajo y mi familia, las conversaciones no se pierden ni son silenciadas. Son tratadas de manera respetuosa, comprendidas o no, y mantenemos nuestros esfuerzos para ir hacia adelante y superar los asuntos que est\u00e1n afectando inmediatamente los futuros de nuestros grupos m\u00e1s cercanos. No existe el caminar por la cuerda floja, ni el sentimiento de ineptitud como personas, cuando expresamos, confiada y respetuosamente, nuestras opiniones espec\u00edficas sobre los asuntos que nos afectan directamente y que tenemos enfrente. &nbsp;<\/p>\n\n\n\n<p>En una reuni\u00f3n con la Junta Directiva de la TCA, puedo sentir y palpar las diversas opiniones del grupo. Los dem\u00e1s directores respetan las opiniones de cada uno y, una vez que el grupo entra en modo de negocios, nos fusionamos como Junta de la TCA para tomar decisiones constructivas y estrategias que solo beneficiar\u00e1n a todos los miembros en conjunto, no individualmente. La Junta de la TCA es uno de los pocos lugares en mi carrera en donde me siento seguro y respaldado por un grupo tan diverso.<\/p>\n\n\n\n<p>Durante nuestra Convenci\u00f3n y Exposici\u00f3n virtual de Tilt-Up en octubre, sent\u00ed una gran fortaleza emanada de nuestra membres\u00eda para seguir adelante y no segregar a nadie ni a ning\u00fan grupo de la normalidad de nuestra industria. Todos nos esforzamos por obtener conexiones, conocimiento e integridad para la TCA. Me sent\u00ed orgulloso de ser miembro de la TCA. La TCA se esforz\u00f3 por brindarnos un ambiente virtual para la convenci\u00f3n y exposici\u00f3n que super\u00f3 a cualquier otra convenci\u00f3n durante esta pandemia. Nosotros, como grupo, nos unimos, nos adaptamos y nos fusionamos para hacer de este evento algo grandioso y, posiblemente, influir en nuestras futuras conferencias para ofrecer un acceso alternativo a los miembros. Nuestra membres\u00eda se present\u00f3 y demostr\u00f3 que se adaptar\u00e1 y tendr\u00e1 \u00e9xito, como siempre lo ha hecho la TCA, pero ahora con un grupo m\u00e1s grande y diverso que nunca. Gracias a todos por asistir a la conferencia y hacernos un grupo mejor, colectivamente. &nbsp; &nbsp;<\/p>\n\n\n\n<div class=\"wp-block-image\"><figure class=\"alignleft size-large is-resized\"><img loading=\"lazy\" decoding=\"async\" src=\"http:\/\/tilt-up.org\/tilt-uptoday\/wp-content\/uploads\/2020\/04\/Scott-Bunney.jpg\" alt=\"\" class=\"wp-image-14686\" width=\"202\" height=\"107\" srcset=\"https:\/\/tilt-up.org\/tilt-uptoday\/wp-content\/uploads\/2020\/04\/Scott-Bunney.jpg 459w, https:\/\/tilt-up.org\/tilt-uptoday\/wp-content\/uploads\/2020\/04\/Scott-Bunney-300x159.jpg 300w\" sizes=\"auto, (max-width: 202px) 100vw, 202px\" \/><\/figure><\/div>","protected":false},"excerpt":{"rendered":"<div class=\"mh-excerpt\">INGL\u00c9S | Traducci\u00f3n patrocinada por Nox-Crete Products Group. Qu\u00e9 a\u00f1o tan dif\u00edcil sigue siendo este. Primero, la crisis de salud nacional, luego la crisis financiera nacional y despu\u00e9s la intranquilidad pol\u00edtica nacional. Cada uno de estos <a class=\"mh-excerpt-more\" href=\"https:\/\/tilt-up.org\/tilt-uptoday\/es\/2020\/12\/23\/permanecer-calmados-en-la-tormenta\/\" title=\"Mantener la calma en la tormenta\"> Leer m\u00e1s\u2026<\/a><\/div>","protected":false},"author":6,"featured_media":15305,"comment_status":"open","ping_status":"open","sticky":false,"template":"","format":"standard","meta":{"footnotes":""},"categories":[267],"tags":[],"class_list":{"0":"post-15103","1":"post","2":"type-post","3":"status-publish","4":"format-standard","5":"has-post-thumbnail","7":"category-en-espanol"},"_links":{"self":[{"href":"https:\/\/tilt-up.org\/tilt-uptoday\/es\/wp-json\/wp\/v2\/posts\/15103","targetHints":{"allow":["GET"]}}],"collection":[{"href":"https:\/\/tilt-up.org\/tilt-uptoday\/es\/wp-json\/wp\/v2\/posts"}],"about":[{"href":"https:\/\/tilt-up.org\/tilt-uptoday\/es\/wp-json\/wp\/v2\/types\/post"}],"author":[{"embeddable":true,"href":"https:\/\/tilt-up.org\/tilt-uptoday\/es\/wp-json\/wp\/v2\/users\/6"}],"replies":[{"embeddable":true,"href":"https:\/\/tilt-up.org\/tilt-uptoday\/es\/wp-json\/wp\/v2\/comments?post=15103"}],"version-history":[{"count":3,"href":"https:\/\/tilt-up.org\/tilt-uptoday\/es\/wp-json\/wp\/v2\/posts\/15103\/revisions"}],"predecessor-version":[{"id":15307,"href":"https:\/\/tilt-up.org\/tilt-uptoday\/es\/wp-json\/wp\/v2\/posts\/15103\/revisions\/15307"}],"wp:featuredmedia":[{"embeddable":true,"href":"https:\/\/tilt-up.org\/tilt-uptoday\/es\/wp-json\/wp\/v2\/media\/15305"}],"wp:attachment":[{"href":"https:\/\/tilt-up.org\/tilt-uptoday\/es\/wp-json\/wp\/v2\/media?parent=15103"}],"wp:term":[{"taxonomy":"category","embeddable":true,"href":"https:\/\/tilt-up.org\/tilt-uptoday\/es\/wp-json\/wp\/v2\/categories?post=15103"},{"taxonomy":"post_tag","embeddable":true,"href":"https:\/\/tilt-up.org\/tilt-uptoday\/es\/wp-json\/wp\/v2\/tags?post=15103"}],"curies":[{"name":"la hora de","href":"https:\/\/api.w.org\/{rel}","templated":true}]}}