{"id":14929,"date":"2020-09-04T09:52:38","date_gmt":"2020-09-04T14:52:38","guid":{"rendered":"http:\/\/72.167.124.155\/tilt-uptoday\/?p=14929"},"modified":"2025-10-28T11:44:30","modified_gmt":"2025-10-28T16:44:30","slug":"the-2020-tilt-up-convention-and-expo-is-going-virtual-but-it-will-remain-human","status":"publish","type":"post","link":"https:\/\/tilt-up.org\/tilt-uptoday\/es\/2020\/09\/04\/the-2020-tilt-up-convention-and-expo-is-going-virtual-but-it-will-remain-human\/","title":{"rendered":"La Convenci\u00f3n y Expo Tilt-Up 2020 se vuelve virtual, pero seguir\u00e1 siendo humana"},"content":{"rendered":"<div class=\"wp-block-image\"><figure class=\"alignleft size-large is-resized\"><img loading=\"lazy\" decoding=\"async\" src=\"http:\/\/tilt-up.org\/tilt-uptoday\/wp-content\/uploads\/2019\/11\/IMG_9591-2-r-1-768x1024.jpg\" alt=\"\" class=\"wp-image-14271\" width=\"283\" height=\"377\" srcset=\"https:\/\/tilt-up.org\/tilt-uptoday\/wp-content\/uploads\/2019\/11\/IMG_9591-2-r-1-768x1024.jpg 768w, https:\/\/tilt-up.org\/tilt-uptoday\/wp-content\/uploads\/2019\/11\/IMG_9591-2-r-1-225x300.jpg 225w\" sizes=\"auto, (max-width: 283px) 100vw, 283px\" \/><\/figure><\/div>\n\n\n\n<p>Innumerables organizaciones han hecho sus anuncios de cancelaci\u00f3n de eventos en los \u00faltimos dos meses. La gran mayor\u00eda, comprensiblemente, ha expresado lo dif\u00edcil que fue la decisi\u00f3n y lo desafortunado de tener que cancelar. Me compadezco de esas organizaciones, ya que entiendo lo que estos eventos significan para nuestras asociaciones e industrias. Sin embargo, para la TCA, tomamos esta decisi\u00f3n en mayo, y fue f\u00e1cil. Fue una decisi\u00f3n de la que est\u00e1bamos orgullosos de tomar, ya que es lo correcto, y una decisi\u00f3n que est\u00e1bamos preparados para tomar, ya que tenemos algo diferente reservado para nuestros miembros e industria.<\/p>\n\n\n\n<p>El 2020 ha exigido una cierta desviaci\u00f3n de lo habitual y, por lo tanto, presenta una oportunidad \u00fanica para invertir en formas innovadoras de aprender, ense\u00f1ar, crear, trabajar, conectar y cuidar. El TCA est\u00e1 aprovechando esta oportunidad no para reemplazar, sino para aumentar nuestra programaci\u00f3n habitual, haci\u00e9ndola m\u00e1s inclusiva, m\u00e1s eficiente y m\u00e1s responsable, considerando el contexto.<\/p>\n\n\n\n<p>Esperamos poder verte nuevamente en persona el pr\u00f3ximo a\u00f1o, pero por ahora, estamos ansiosos por darte la bienvenida a la Convenci\u00f3n y Expo virtual 2020 \u2014 de una manera diferente, pero con el mismo profesionalismo, energ\u00eda, autenticidad y entusiasmo que esperas. Lo hacemos con el apoyo de patrocinadores y expositores generosos y entusiastas, presentadores talentosos y colaborativos, y un liderazgo dedicado a hacer avanzar la asociaci\u00f3n y la industria durante este tiempo para que podamos estar m\u00e1s fuertes que nunca al otro lado.<\/p>\n\n\n\n<p>Los detalles del evento se publican casi a diario en tilt-up.org\/events, as\u00ed que consulta esa p\u00e1gina para ver horarios, ofertas educativas, eventos especiales y m\u00e1s. Este a\u00f1o, no te preocupes por reservar vuelos, planificar tiempo libre significativo de la oficina o reservar una habitaci\u00f3n de hotel. Haz planes para unirte a nosotros virtualmente durante la semana del 5 de octubre, y cuenta con interactuar con otros en lo que seguir\u00e1 siendo un evento muy humano y orientado a la conexi\u00f3n.<\/p>\n\n\n\n<figure class=\"wp-block-image size-large\"><img loading=\"lazy\" decoding=\"async\" width=\"200\" height=\"78\" src=\"http:\/\/tilt-up.org\/tilt-uptoday\/wp-content\/uploads\/2018\/01\/Mitch-Bloomquist-Signature-SML-R.jpg\" alt=\"\" class=\"wp-image-8940\"\/><\/figure>","protected":false},"excerpt":{"rendered":"<div class=\"mh-excerpt\">Incontables organizaciones han hecho sus anuncios de cancelaci\u00f3n de eventos en los \u00faltimos dos meses. La gran mayor\u00eda, comprensiblemente, ha expresado lo dif\u00edcil que fue la decisi\u00f3n y lo desafortunado que es cancelar. Yo siento <a class=\"mh-excerpt-more\" href=\"https:\/\/tilt-up.org\/tilt-uptoday\/es\/2020\/09\/04\/the-2020-tilt-up-convention-and-expo-is-going-virtual-but-it-will-remain-human\/\" title=\"La Convenci\u00f3n y Expo Tilt-Up 2020 se vuelve virtual, pero seguir\u00e1 siendo humana\"> Leer m\u00e1s\u2026<\/a><\/div>","protected":false},"author":6,"featured_media":14271,"comment_status":"open","ping_status":"open","sticky":false,"template":"","format":"standard","meta":{"footnotes":""},"categories":[1],"tags":[],"class_list":{"0":"post-14929","1":"post","2":"type-post","3":"status-publish","4":"format-standard","5":"has-post-thumbnail","7":"category-uncategorized"},"_links":{"self":[{"href":"https:\/\/tilt-up.org\/tilt-uptoday\/es\/wp-json\/wp\/v2\/posts\/14929","targetHints":{"allow":["GET"]}}],"collection":[{"href":"https:\/\/tilt-up.org\/tilt-uptoday\/es\/wp-json\/wp\/v2\/posts"}],"about":[{"href":"https:\/\/tilt-up.org\/tilt-uptoday\/es\/wp-json\/wp\/v2\/types\/post"}],"author":[{"embeddable":true,"href":"https:\/\/tilt-up.org\/tilt-uptoday\/es\/wp-json\/wp\/v2\/users\/6"}],"replies":[{"embeddable":true,"href":"https:\/\/tilt-up.org\/tilt-uptoday\/es\/wp-json\/wp\/v2\/comments?post=14929"}],"version-history":[{"count":3,"href":"https:\/\/tilt-up.org\/tilt-uptoday\/es\/wp-json\/wp\/v2\/posts\/14929\/revisions"}],"predecessor-version":[{"id":19187,"href":"https:\/\/tilt-up.org\/tilt-uptoday\/es\/wp-json\/wp\/v2\/posts\/14929\/revisions\/19187"}],"wp:featuredmedia":[{"embeddable":true,"href":"https:\/\/tilt-up.org\/tilt-uptoday\/es\/wp-json\/wp\/v2\/media\/14271"}],"wp:attachment":[{"href":"https:\/\/tilt-up.org\/tilt-uptoday\/es\/wp-json\/wp\/v2\/media?parent=14929"}],"wp:term":[{"taxonomy":"category","embeddable":true,"href":"https:\/\/tilt-up.org\/tilt-uptoday\/es\/wp-json\/wp\/v2\/categories?post=14929"},{"taxonomy":"post_tag","embeddable":true,"href":"https:\/\/tilt-up.org\/tilt-uptoday\/es\/wp-json\/wp\/v2\/tags?post=14929"}],"curies":[{"name":"la hora de","href":"https:\/\/api.w.org\/{rel}","templated":true}]}}