{"id":14703,"date":"2020-05-11T10:01:16","date_gmt":"2020-05-11T15:01:16","guid":{"rendered":"http:\/\/72.167.124.155\/tilt-uptoday\/?p=14703"},"modified":"2025-06-12T13:57:23","modified_gmt":"2025-06-12T18:57:23","slug":"nox-crete-da-la-bienvenida-al-nuevo-gerente-de-ventas-regional-del-sudeste","status":"publish","type":"post","link":"https:\/\/tilt-up.org\/tilt-uptoday\/es\/2020\/05\/11\/nox-crete-da-la-bienvenida-al-nuevo-gerente-de-ventas-regional-del-sudeste\/","title":{"rendered":"NOX-CRETE DA LA BIENVENIDA AL NUEVO GERENTE DE VENTAS REGIONAL DEL SUDESTE"},"content":{"rendered":"<div style=\"border: 1px solid #dddddd; padding: 0.5em; background-color: #f5f5f5; width: 666px;\">\n<p style=\"text-align: center; color: #808285;\"><a href=\"http:\/\/tilt-up.org\/tilt-uptoday\/es\/2020\/05\/11\/nox-crete-welcomes-new-southeast-regional-sales-manager-2\/\"><strong>Ingl\u00e9s<\/strong><\/a> | Traducci\u00f3n patrocinada por <a href=\"http:\/\/www.nox-crete.com\" target=\"_blank\" rel=\"noopener noreferrer\">Grupo de productos Nox-Crete<\/a><\/p>\n<\/div>\n\n\n<p>El reci\u00e9n contratado Jey Yates aporta conocimiento y experiencia al equipo de sustancias qu\u00edmicas para concreto.&nbsp;<\/p>\n\n\n\n<p>Omaha, NE, 17 de febrero de 2020 \u2013 Nox-Crete, Inc. da la bienvenida a un nuevo miembro del equipo que es un rostro familiar entre los clientes del territorio que estar\u00e1 representando. El graduado de la industria Jeter \u201cJey\u201d Yates comenz\u00f3 su rol como Gerente de Ventas Regionales del Sureste para Nox-Crete a principios de este mes donde represent\u00f3 a Nox-Crete en la feria 2020 World of Concrete en Las Vegas. El territorio de Yates incluir\u00e1 Tennessee, South Carolina, North Carolina, Georgia, Florida, Alabama y Mississippi.&nbsp;<\/p>\n\n\n\n<p>Un residente de Anderson, Carolina del Sur, Yates tiene m\u00e1s de dos d\u00e9cadas de experiencia en ventas y gesti\u00f3n de proyectos de construcci\u00f3n. Los puestos de ventas anteriores de Yates incluyeron trabajos para Ram Tool y New South Construction Supply, y su gesti\u00f3n de proyectos se centr\u00f3 en cortes de concreto.&nbsp;<\/p>\n\n\n\n<p>Con su amplio conocimiento y experiencia, la presidenta de Nox-Crete, Lori Reid, dice que la compa\u00f1\u00eda est\u00e1 entusiasmada de tener a Yates a bordo.&nbsp;<\/p>\n\n\n\n<p>\u201cEstamos complacidos de a\u00f1adir a alguien del calibre de Jey a nuestro equipo\u201d, dijo Reid. \u201cSus muchos a\u00f1os de experiencia variada dentro de la industria de la construcci\u00f3n de concreto y su trayectoria profesional demuestran que es un verdadero colaborador con sus clientes, por lo que lo convierten en la adici\u00f3n perfecta al equipo de ventas de Nox-Crete, excepcionalmente fuerte\u201d.<\/p>\n\n\n\n<p>Y Yates comenta que el sentimiento es mutuo.&nbsp;<\/p>\n\n\n\n<p>\u201cNox-Crete siempre est\u00e1 innovando\u201d, dijo. \u201cPara m\u00ed, esto significa que vender sus productos es emocionante y que mis interacciones con los clientes ofrecen soluciones que mejoran la calidad de su trabajo\u201d.<\/p>","protected":false},"excerpt":{"rendered":"<div class=\"mh-excerpt\">English | Translation Sponsored by Nox-Crete Products Group El reci\u00e9n contratado Jey Yates aporta conocimiento y experiencia al equipo de sustancias qu\u00edmicas de concreto Omaha, NE, 17 de febrero de 2020 \u2013 Nox-Crete, Inc. da <a class=\"mh-excerpt-more\" href=\"https:\/\/tilt-up.org\/tilt-uptoday\/es\/2020\/05\/11\/nox-crete-da-la-bienvenida-al-nuevo-gerente-de-ventas-regional-del-sudeste\/\" title=\"NOX-CRETE DA LA BIENVENIDA AL NUEVO GERENTE DE VENTAS REGIONAL DEL SUDESTE\"> Leer m\u00e1s\u2026<\/a><\/div>","protected":false},"author":6,"featured_media":0,"comment_status":"open","ping_status":"open","sticky":false,"template":"","format":"standard","meta":{"footnotes":""},"categories":[267],"tags":[],"class_list":{"0":"post-14703","1":"post","2":"type-post","3":"status-publish","4":"format-standard","6":"category-en-espanol"},"_links":{"self":[{"href":"https:\/\/tilt-up.org\/tilt-uptoday\/es\/wp-json\/wp\/v2\/posts\/14703","targetHints":{"allow":["GET"]}}],"collection":[{"href":"https:\/\/tilt-up.org\/tilt-uptoday\/es\/wp-json\/wp\/v2\/posts"}],"about":[{"href":"https:\/\/tilt-up.org\/tilt-uptoday\/es\/wp-json\/wp\/v2\/types\/post"}],"author":[{"embeddable":true,"href":"https:\/\/tilt-up.org\/tilt-uptoday\/es\/wp-json\/wp\/v2\/users\/6"}],"replies":[{"embeddable":true,"href":"https:\/\/tilt-up.org\/tilt-uptoday\/es\/wp-json\/wp\/v2\/comments?post=14703"}],"version-history":[{"count":2,"href":"https:\/\/tilt-up.org\/tilt-uptoday\/es\/wp-json\/wp\/v2\/posts\/14703\/revisions"}],"predecessor-version":[{"id":14839,"href":"https:\/\/tilt-up.org\/tilt-uptoday\/es\/wp-json\/wp\/v2\/posts\/14703\/revisions\/14839"}],"wp:attachment":[{"href":"https:\/\/tilt-up.org\/tilt-uptoday\/es\/wp-json\/wp\/v2\/media?parent=14703"}],"wp:term":[{"taxonomy":"category","embeddable":true,"href":"https:\/\/tilt-up.org\/tilt-uptoday\/es\/wp-json\/wp\/v2\/categories?post=14703"},{"taxonomy":"post_tag","embeddable":true,"href":"https:\/\/tilt-up.org\/tilt-uptoday\/es\/wp-json\/wp\/v2\/tags?post=14703"}],"curies":[{"name":"la hora de","href":"https:\/\/api.w.org\/{rel}","templated":true}]}}