{"id":14246,"date":"2019-09-04T10:04:50","date_gmt":"2019-09-04T15:04:50","guid":{"rendered":"http:\/\/72.167.124.155\/tilt-uptoday\/?p=14246"},"modified":"2025-06-12T13:00:23","modified_gmt":"2025-06-12T18:00:23","slug":"ironrock-capital-inc-anuncia-promociones-de-empleados","status":"publish","type":"post","link":"https:\/\/tilt-up.org\/tilt-uptoday\/es\/2019\/09\/04\/ironrock-capital-inc-anuncia-promociones-de-empleados\/","title":{"rendered":"Ironrock Capital Inc. anuncia ascensos entre su personal"},"content":{"rendered":"<div style=\"border: 1px solid #dddddd; padding: 0.5em; background-color: #f5f5f5; width: 666px;\">\n<p style=\"text-align: center; color: #808285;\"><a href=\"http:\/\/tilt-up.org\/tilt-uptoday\/es\/2019\/09\/04\/ironrock-capital-inc-announces-employee-promotions\/\"><strong>Ingl\u00e9s<\/strong><\/a> | Traducci\u00f3n patrocinada por <a href=\"http:\/\/www.nox-crete.com\" target=\"_blank\" rel=\"noopener noreferrer\">Grupo de productos Nox-Crete<\/a><\/p>\n<\/div>\n\n\n<div class=\"wp-block-image\"><figure class=\"alignleft is-resized\"><img loading=\"lazy\" decoding=\"async\" src=\"http:\/\/tilt-up.org\/tilt-uptoday\/wp-content\/uploads\/2019\/09\/John_Stuckey-r-817x1024.jpg\" alt=\"\" class=\"wp-image-14238\" width=\"245\" height=\"306\" srcset=\"https:\/\/tilt-up.org\/tilt-uptoday\/wp-content\/uploads\/2019\/09\/John_Stuckey-r-817x1024.jpg 817w, https:\/\/tilt-up.org\/tilt-uptoday\/wp-content\/uploads\/2019\/09\/John_Stuckey-r-239x300.jpg 239w, https:\/\/tilt-up.org\/tilt-uptoday\/wp-content\/uploads\/2019\/09\/John_Stuckey-r-768x962.jpg 768w, https:\/\/tilt-up.org\/tilt-uptoday\/wp-content\/uploads\/2019\/09\/John_Stuckey-r.jpg 1340w\" sizes=\"auto, (max-width: 245px) 100vw, 245px\" \/><figcaption>John Stuckey<\/figcaption><\/figure><\/div>\n\n\n\n<p><strong>Canton, Ohio <\/strong>\u2013 8 de julio de 2019 \u2013 Ironrock Capital Inc. se complace en anunciar la promoci\u00f3n de John Stuckey a la posici\u00f3n de Superintendente de Planta y la promoci\u00f3n de Dan Call como Director T\u00e9cnico.<\/p>\n\n\n\n<p>En su puesto como Superintendente de Planta, el Sr. Stuckey ser\u00e1 responsable de la producci\u00f3n de la planta, incluyendo la molienda, la fabricaci\u00f3n y el empaque. Ser\u00e1 clave en el desarrollo de la fuerza laboral, los procesos de mejora y el presupuesto anual de Ironrock. Adem\u00e1s, asistir\u00e1 en la planificaci\u00f3n de la producci\u00f3n. <\/p>\n\n\n\n<p>El Sr. Stuckey tiene 30 a\u00f1os de experiencia en Ironrock y ha sido gerente y empleado en la mayor\u00eda de las \u00e1reas de la f\u00e1brica. <\/p>\n\n\n\n<div class=\"wp-block-image\"><figure class=\"alignright is-resized\"><img loading=\"lazy\" decoding=\"async\" src=\"http:\/\/tilt-up.org\/tilt-uptoday\/wp-content\/uploads\/2019\/09\/Dan_Call-r-817x1024.jpg\" alt=\"\" class=\"wp-image-14239\" width=\"246\" height=\"308\" srcset=\"https:\/\/tilt-up.org\/tilt-uptoday\/wp-content\/uploads\/2019\/09\/Dan_Call-r-817x1024.jpg 817w, https:\/\/tilt-up.org\/tilt-uptoday\/wp-content\/uploads\/2019\/09\/Dan_Call-r-239x300.jpg 239w, https:\/\/tilt-up.org\/tilt-uptoday\/wp-content\/uploads\/2019\/09\/Dan_Call-r-768x962.jpg 768w, https:\/\/tilt-up.org\/tilt-uptoday\/wp-content\/uploads\/2019\/09\/Dan_Call-r.jpg 1340w\" sizes=\"auto, (max-width: 246px) 100vw, 246px\" \/><figcaption>Dan Call<\/figcaption><\/figure><\/div>\n\n\n\n<p>A Dan Call, el Director T\u00e9cnico de Ironrock, se le ha asignado la responsabilidad del Departamento de Hornos, adem\u00e1s de sus \u00e1reas de inter\u00e9s actuales. En su calidad de Director T\u00e9cnico, el Sr. Call tambi\u00e9n supervisar\u00e1 el control de calidad, el cumplimiento ambiental y la administraci\u00f3n del laboratorio.  <\/p>\n\n\n\n<p>El Sr. Call tiene 24 a\u00f1os de experiencia en Ironrock, adem\u00e1s de su t\u00edtulo en Tecnolog\u00eda de Cer\u00e1micos Industriales de Hocking College. <\/p>","protected":false},"excerpt":{"rendered":"<div class=\"mh-excerpt\">Ingl\u00e9s | Traducci\u00f3n Patrocinada por Nox-Crete Products Group Canton, Ohio \u2013 8 de julio de 2019 \u2013 Ironrock Capital Inc. se complace en anunciar la promoci\u00f3n de John Stuckey a la posici\u00f3n de Superintendente de <a class=\"mh-excerpt-more\" href=\"https:\/\/tilt-up.org\/tilt-uptoday\/es\/2019\/09\/04\/ironrock-capital-inc-anuncia-promociones-de-empleados\/\" title=\"Ironrock Capital Inc. anuncia ascensos entre su personal\"> Leer m\u00e1s\u2026<\/a><\/div>","protected":false},"author":6,"featured_media":14238,"comment_status":"open","ping_status":"open","sticky":false,"template":"","format":"standard","meta":{"footnotes":""},"categories":[267],"tags":[],"class_list":{"0":"post-14246","1":"post","2":"type-post","3":"status-publish","4":"format-standard","5":"has-post-thumbnail","7":"category-en-espanol"},"_links":{"self":[{"href":"https:\/\/tilt-up.org\/tilt-uptoday\/es\/wp-json\/wp\/v2\/posts\/14246","targetHints":{"allow":["GET"]}}],"collection":[{"href":"https:\/\/tilt-up.org\/tilt-uptoday\/es\/wp-json\/wp\/v2\/posts"}],"about":[{"href":"https:\/\/tilt-up.org\/tilt-uptoday\/es\/wp-json\/wp\/v2\/types\/post"}],"author":[{"embeddable":true,"href":"https:\/\/tilt-up.org\/tilt-uptoday\/es\/wp-json\/wp\/v2\/users\/6"}],"replies":[{"embeddable":true,"href":"https:\/\/tilt-up.org\/tilt-uptoday\/es\/wp-json\/wp\/v2\/comments?post=14246"}],"version-history":[{"count":3,"href":"https:\/\/tilt-up.org\/tilt-uptoday\/es\/wp-json\/wp\/v2\/posts\/14246\/revisions"}],"predecessor-version":[{"id":14250,"href":"https:\/\/tilt-up.org\/tilt-uptoday\/es\/wp-json\/wp\/v2\/posts\/14246\/revisions\/14250"}],"wp:featuredmedia":[{"embeddable":true,"href":"https:\/\/tilt-up.org\/tilt-uptoday\/es\/wp-json\/wp\/v2\/media\/14238"}],"wp:attachment":[{"href":"https:\/\/tilt-up.org\/tilt-uptoday\/es\/wp-json\/wp\/v2\/media?parent=14246"}],"wp:term":[{"taxonomy":"category","embeddable":true,"href":"https:\/\/tilt-up.org\/tilt-uptoday\/es\/wp-json\/wp\/v2\/categories?post=14246"},{"taxonomy":"post_tag","embeddable":true,"href":"https:\/\/tilt-up.org\/tilt-uptoday\/es\/wp-json\/wp\/v2\/tags?post=14246"}],"curies":[{"name":"la hora de","href":"https:\/\/api.w.org\/{rel}","templated":true}]}}